{"id":339889,"date":"2024-11-01T08:22:27","date_gmt":"2024-11-01T11:22:27","guid":{"rendered":"https:\/\/www.notibras.com\/site\/?p=339889"},"modified":"2024-11-01T08:22:27","modified_gmt":"2024-11-01T11:22:27","slug":"joao-ataca-raquel-e-abre-corrida-para-eleicao-de-2026-em-pernambuco","status":"publish","type":"post","link":"https:\/\/www.notibras.com\/site\/joao-ataca-raquel-e-abre-corrida-para-eleicao-de-2026-em-pernambuco\/","title":{"rendered":"Jo\u00e3o ataca Raquel e abre corrida para elei\u00e7\u00e3o de 2026 em Pernambuco"},"content":{"rendered":"<p>O prefeito reeleito do Recife, Jo\u00e3o Campos (PSB), atacou a governadora Raquel Lyra (PSDB) e desfechou com anteced\u00eancia de dois anos a campanha para elei\u00e7\u00e3o do pr\u00f3ximo governador de Pernambuco, o que ocorrer\u00e1 somente em 2026. Pretendente ao cargo de Raquel, que buscar\u00e1 a reelei\u00e7\u00e3o, Campos afirmou que ela teve &#8220;o pior desempenho de um governo (estadual) em elei\u00e7\u00f5es municipais&#8221;.<\/p>\n<p>Joao Campos tamb\u00e9m n\u00e3o poupou cr\u00edticas ao PT, que ele alijou da elei\u00e7\u00e3o do Recife em um acordo com o presidente Lula, negando ao partido a vaga de vice na sua chapa e atacou o apoio do partido na elei\u00e7\u00e3o de S\u00e3o Paulo ao deputado Guilherme Boulos (PSOL) que &#8220;mudou posi\u00e7\u00f5es para buscar votos e que \u201cas pessoas veem isso\u201d, enfatizando que n\u00e3o \u00e9 poss\u00edvel \u201cter um discurso que caiba na elei\u00e7\u00e3o\u201d.<\/p>\n<p>\u201cA pr\u00e1tica tem que caber no que voc\u00ea fala e o que voc\u00ea fala tem que caber na sua pr\u00e1tica. [&#8230;] 19 anos que ele se posiciona de um jeito e em um ano ele revisita tudo e muda de posi\u00e7\u00e3o\u201d, disse.<\/p>\n<p>Namorado da deputada T\u00e1bata Amaral (PSB), derrotada ainda no primeiro turno na elei\u00e7\u00e3o da capital paulista, disse que ela fez \u201ca melhor campanha de S\u00e3o Paulo\u201d e que teve uma \u201cvit\u00f3ria pol\u00edtica\u201d, enfatizando que era a candidata que deveria ter ido para o segundo turno, com condi\u00e7\u00f5es para vencer o pleito.<\/p>\n<p>As afirma\u00e7\u00f5es do prefeito reeleito do Recife foram feitas durante entrevista ao programa <em>Roda Viva<\/em>, da TV Cultura de S\u00e3o Paulo, na \u00faltima segunda-feira (28), que teve grande repercuss\u00e3o na m\u00eddia local, onde Campos desfruta de generosos espa\u00e7os e onde foi publicada a degrava\u00e7\u00e3o do que falou aos jornalistas paulistas, que n\u00e3o verificaram os n\u00fameros que ele desfilou na entrevista.<\/p>\n<p>Ele considerou uma vit\u00f3ria o fato do seu partido ter eleito um prefeito a menos que o PSDB de Raquel Lyra, mas a governadora ainda tem a seu favor o apoio de 120 dos 184 prefeitos eleitos em Pernambuco, al\u00e9m da maioria dos prefeitos da Regi\u00e3o Metropolitana do Recife, ampliada com o deferimento da candidatura de Lula Cabral (SD), no Cabo de Santo Agostinho<\/p>\n<p>.\u201cA gente obteve a maior vit\u00f3ria de uma oposi\u00e7\u00e3o na hist\u00f3ria do estado de Pernambuco. Em m\u00e9dia, voc\u00ea tem os governos de 2000 pra c\u00e1 com uma base de 120 prefeitos pelo menos. Quando voc\u00ea pega o arco de alian\u00e7as formais (nas elei\u00e7\u00f5es de 2024) d\u00e1 menos de 90 prefeitos na base do governo e 91 na oposi\u00e7\u00e3o. Isso \u00e9 um resultado nunca antes alcan\u00e7ado. Dos 10 maiores col\u00e9gios eleitorais, 6 prefeitos ligados ao nosso conjunto, 3 ligados ao conjunto do governo e o prefeito Mano, do PL, de Jaboat\u00e3o\u201d, afirmou.<\/p>\n<p>\u201cNunca, na hist\u00f3ria, voc\u00ea teve um partido de oposi\u00e7\u00e3o sendo o mais votado. [&#8230;] O fato \u00e9 que \u00e9 o melhor desempenho da hist\u00f3ria da oposi\u00e7\u00e3o e o pior desempenho da hist\u00f3ria de um governo, al\u00e9m de uma vit\u00f3ria ampla que n\u00f3s tivemos na capital. Voc\u00ea tem as grandes cidades com a maioria dentro da Frente Popular, a maior base de oposi\u00e7\u00e3o da hist\u00f3ria das cidades\u201d, completou.<\/p>\n<p>A governadora Raquel Lyra est\u00e1 em viagem a Portugal e seu grupo pol\u00edtico n\u00e3o comentou a entrevista de Jo\u00e3o Campos. Em sua defesa, o deputado Mendon\u00e7a Filho (Uni\u00e3o Brasil), ex-ministro da Educa\u00e7\u00e3o, afirmou que as declara\u00e7\u00f5es do prefeito representam um \u201cnegacionismo eleitoral\u201d ao tentar negar uma \u201cvit\u00f3ria consagradora\u201d da governadora nas elei\u00e7\u00f5es municipais.<\/p>\n<p>\u201cNegar que Raquel foi a grande vencedora da elei\u00e7\u00e3o municipal no estado \u00e9 o mesmo que contestar que Jo\u00e3o Campos teve uma vota\u00e7\u00e3o hist\u00f3rica e consagradora no Recife (com 78,12% dos votos). O prefeito n\u00e3o pode usar sua vit\u00f3ria no Recife como argumento para negar a vit\u00f3ria consagradora da governadora em todas as regi\u00f5es do Estado&#8221;, afirmou.<\/p>\n<p>Para Mendon\u00e7a Filho, o governo do estado teve um desempenho \u201cespetacular\u201d no pleito municipal. Ele acusa o prefeito de praticar \u201cmalabarismo para criar uma tese\u201d e \u201cagride a verdade dos fatos\u201d., porque coloca na conta da oposi\u00e7\u00e3o a vit\u00f3ria de prefeitos de partidos como o Uni\u00e3o Brasil, s\u00f3 porque o partido o apoiou no Recife.<\/p>\n<p>Nas contas de Mendon\u00e7a Filho, a base do governo elegeu 125 prefeitos dentre os 184 munic\u00edpios de Pernambuco. Esse n\u00famero tamb\u00e9m foi referendado pelo presidente do Diret\u00f3rio Estadual do PSDB, Fred Loyo: &#8220;O nosso cerco de alian\u00e7as \u00e9 muito maior do que o prefeito chama de &#8216;alian\u00e7as formais&#8217; e, com isso os nossos prefeitos que contaram com o apoio da governadora Raquel Lyra foram 126 prefeitos. \u00c9 um n\u00famero muito importante para primeira elei\u00e7\u00e3o dela dois anos depois&#8221;, afirmou.<\/p>\n<p>Em entrevista ao programa <em>Passando a Limpo<\/em>, da R\u00e1dio Jornal, Loyo disse que o PSDB, que nas elei\u00e7\u00f5es de 2020, elegeu cinco prefeitos obteve agora o seu maior resultado no estado. &#8220;Elegemos 31 prefeitos no primeiro turno e elegemos um prefeito no segundo turno. Ent\u00e3o, n\u00f3s temos hoje 32 prefeitos. [\u00c9] fato, n\u00e3o tem discuss\u00e3o sobre isso&#8221;, completou.<\/p>\n","protected":false},"excerpt":{"rendered":"<p>O prefeito reeleito do Recife, Jo\u00e3o Campos (PSB), atacou a governadora Raquel Lyra (PSDB) e desfechou com anteced\u00eancia de dois anos a campanha para elei\u00e7\u00e3o do pr\u00f3ximo governador de Pernambuco, o que ocorrer\u00e1 somente em 2026. Pretendente ao cargo de Raquel, que buscar\u00e1 a reelei\u00e7\u00e3o, Campos afirmou que ela teve &#8220;o pior desempenho de um [&hellip;]<\/p>\n","protected":false},"author":2,"featured_media":339890,"comment_status":"closed","ping_status":"closed","sticky":false,"template":"","format":"standard","meta":{"_acf_changed":false,"footnotes":""},"categories":[165],"tags":[],"class_list":["post-339889","post","type-post","status-publish","format-standard","has-post-thumbnail","hentry","category-nordeste"],"acf":[],"_links":{"self":[{"href":"https:\/\/www.notibras.com\/site\/wp-json\/wp\/v2\/posts\/339889","targetHints":{"allow":["GET"]}}],"collection":[{"href":"https:\/\/www.notibras.com\/site\/wp-json\/wp\/v2\/posts"}],"about":[{"href":"https:\/\/www.notibras.com\/site\/wp-json\/wp\/v2\/types\/post"}],"author":[{"embeddable":true,"href":"https:\/\/www.notibras.com\/site\/wp-json\/wp\/v2\/users\/2"}],"replies":[{"embeddable":true,"href":"https:\/\/www.notibras.com\/site\/wp-json\/wp\/v2\/comments?post=339889"}],"version-history":[{"count":1,"href":"https:\/\/www.notibras.com\/site\/wp-json\/wp\/v2\/posts\/339889\/revisions"}],"predecessor-version":[{"id":339891,"href":"https:\/\/www.notibras.com\/site\/wp-json\/wp\/v2\/posts\/339889\/revisions\/339891"}],"wp:featuredmedia":[{"embeddable":true,"href":"https:\/\/www.notibras.com\/site\/wp-json\/wp\/v2\/media\/339890"}],"wp:attachment":[{"href":"https:\/\/www.notibras.com\/site\/wp-json\/wp\/v2\/media?parent=339889"}],"wp:term":[{"taxonomy":"category","embeddable":true,"href":"https:\/\/www.notibras.com\/site\/wp-json\/wp\/v2\/categories?post=339889"},{"taxonomy":"post_tag","embeddable":true,"href":"https:\/\/www.notibras.com\/site\/wp-json\/wp\/v2\/tags?post=339889"}],"curies":[{"name":"wp","href":"https:\/\/api.w.org\/{rel}","templated":true}]}}