{"id":339892,"date":"2024-11-01T06:28:39","date_gmt":"2024-11-01T09:28:39","guid":{"rendered":"https:\/\/www.notibras.com\/site\/?p=339892"},"modified":"2024-11-01T08:31:07","modified_gmt":"2024-11-01T11:31:07","slug":"transito-sera-alterado-e-policiamento-recebera-reforco","status":"publish","type":"post","link":"https:\/\/www.notibras.com\/site\/transito-sera-alterado-e-policiamento-recebera-reforco\/","title":{"rendered":"Tr\u00e2nsito ser\u00e1 alterado e policiamento receber\u00e1 refor\u00e7o"},"content":{"rendered":"<p>Neste s\u00e1bado (2), Dia de Finados, os cemit\u00e9rios do Distrito Federal \u2014 localizados na Asa Sul, Brazl\u00e2ndia, Gama, Planaltina, Sobradinho II e Taguatinga \u2014, ter\u00e3o policiamento refor\u00e7ado e a\u00e7\u00f5es para melhor fluidez no tr\u00e2nsito.<\/p>\n<p>A Pol\u00edcia Militar do Distrito Federal (PMDF) far\u00e1 a seguran\u00e7a nas imedia\u00e7\u00f5es dos cemit\u00e9rios nas regi\u00f5es administrativas. O policiamento ser\u00e1 feito nas imedia\u00e7\u00f5es das unidades e, ainda, com pontos fixos para pronto emprego nos locais, a partir das 6h de s\u00e1bado.<\/p>\n<p>O Corpo de Bombeiros Militar do Distrito Federal (CBMDF) deixar\u00e1 viaturas nos estacionamentos para facilitar os atendimentos, caso necess\u00e1rio. A orienta\u00e7\u00e3o \u00e9 ligar para o 193 em casos de emerg\u00eancia.<\/p>\n<p>\u201cTodas as a\u00e7\u00f5es foram acertadas e chanceladas pelos envolvidos na elabora\u00e7\u00e3o do documento, o que ressalta a integralidade que faz parte de todas as nossas a\u00e7\u00f5es\u201d, afirma o secret\u00e1rio de Seguran\u00e7a P\u00fablica, Sandro Avelar.<\/p>\n<p><strong>Tr\u00e2nsito na Asa Sul<\/strong><br \/>\nA PMDF recomenda que a popula\u00e7\u00e3o adote medidas de seguran\u00e7a, como n\u00e3o deixar objetos no interior dos ve\u00edculos e estar atento aos pertences, principalmente ao celular. \u201cOrientamos ao p\u00fablico estacionar em locais permitidos, conferir se o ve\u00edculo est\u00e1 trancado e se o alarme foi acionado. Os cemit\u00e9rios estar\u00e3o abertos at\u00e9 as 19h, por isso \u00e9 importante estar atento ao local em que o ve\u00edculo ser\u00e1 deixado e se ser\u00e1 seguro ao retornar para busc\u00e1-lo\u201d, ressalta o comandante de Policiamento de Tr\u00e2nsito, da Pol\u00edcia Militar do DF (PMDF), coronel Edv\u00e3 Sousa.<\/p>\n<p>Haver\u00e1 altera\u00e7\u00f5es no tr\u00e2nsito pr\u00f3ximo ao cemit\u00e9rio da Asa Sul somente no s\u00e1bado (2). A entrada para pedestres poder\u00e1 ser feita pelo port\u00e3o principal da unidade \u2013 ao lado do templo da Legi\u00e3o da Boa Vontade (LBV) \u30fc , por um dos port\u00f5es em frente ao Setor Policial, pr\u00f3ximo \u00e0 parada de \u00f4nibus e, ainda, pelo port\u00e3o em frente ao estacionamento 6 do Parque da Cidade. \u201cA Pol\u00edcia Militar reitera a import\u00e2ncia para que a popula\u00e7\u00e3o d\u00ea prefer\u00eancia ao estacionamento do Parque da Cidade, em virtude da melhor fluidez de tr\u00e2nsito, espa\u00e7o e facilidade de acesso\u201d, completa o comandante.<\/p>\n<p>O bal\u00e3o em frente ao cemit\u00e9rio estar\u00e1 fechado e haver\u00e1 policiamento coordenando a travessia de pedestres e o fluxo de tr\u00e2nsito. A via W5 Sul estar\u00e1 com tr\u00e2nsito em sentido \u00fanico do bal\u00e3o da entrada do cemit\u00e9rio at\u00e9 o acesso \u00e0 Estrada Parque Pol\u00edcia Militar (EPPM). Entre o bal\u00e3o do cemit\u00e9rio e do Edif\u00edcio Talento na 714 Sul, a via W5 Sul funcionar\u00e1 nos dois sentidos da via.<\/p>\n<p>Os retornos na altura do Setor Hospitalar estar\u00e3o fechados. Para acessar o cemit\u00e9rio, o motorista que estiver na EPPM dever\u00e1 retornar no viaduto da W3 Sul e subir na via interna do Setor Hospitalar Sul (SHS), ao lado do Hospital Santa L\u00facia. O acesso \u00e0 via W5 Sul pela EPPM estar\u00e1 bloqueado, como explica o comandante: \u201cA via entre o cemit\u00e9rio e a EPPM estar\u00e1 em sentido \u00fanico. Al\u00e9m disso, o Setor Policial est\u00e1 com obras em andamento, por isso ressaltamos a import\u00e2ncia de estar atento ao tr\u00e2nsito\u201d.<\/p>\n<p><strong>Estacionamento<\/strong><br \/>\nO estacionamento em frente ao Campo da Esperan\u00e7a ser\u00e1 destinado \u00e0s pessoas com defici\u00eancia (PcDs) e idosos. Para acessar o local ser\u00e1 necess\u00e1rio apresentar as credenciais emitidas pelo Detran. Os demais condutores dever\u00e3o utilizar, preferencialmente, o estacionamento 6 do Parque da Cidade. Haver\u00e1 policiais militares atuando para contribuir com a travessia dos pedestres.<br \/>\nDemais cemit\u00e9rios<\/p>\n<p>As equipes do Departamento de Tr\u00e2nsito do Distrito Federal estar\u00e3o nas imedia\u00e7\u00f5es dos cemit\u00e9rios de Brazl\u00e2ndia, Planaltina, Sobradinho II e Taguatinga a fim de garantir seguran\u00e7a \u00e0 popula\u00e7\u00e3o que far\u00e1 a visita aos t\u00famulos. Para isso, os agentes de tr\u00e2nsito atuar\u00e3o durante todo o dia, das 7h \u00e0s 19h, para auxiliar na travessia de pedestres, controlar o tr\u00e1fego de ve\u00edculos e fiscalizar a pr\u00e1tica de estacionamento irregular.<\/p>\n<p>O controle de acesso aos cemit\u00e9rios ser\u00e1 feito por funcion\u00e1rios da empresa administradora, mas para acessar as \u00e1reas reservadas a portadores de mobilidade reduzida, os condutores ter\u00e3o que portar as credenciais de idoso, de deficiente ou de autista emitidas pelo Detran-DF.<\/p>\n<p><strong>Brazl\u00e2ndia<\/strong><br \/>\nSer\u00e3o colocados cones ao longo de toda a via de acesso ao cemit\u00e9rio de Brazl\u00e2ndia para evitar que ve\u00edculos sejam estacionados ao longo da via. A medida \u00e9 necess\u00e1ria para garantir a fluidez do tr\u00e2nsito na entrada e sa\u00edda dos estacionamentos externos e mais seguran\u00e7a aos pedestres na entrada e sa\u00edda do cemit\u00e9rio. Como o cemit\u00e9rio de Brazl\u00e2ndia n\u00e3o disp\u00f5e de estacionamento interno, o Detran-DF orienta que os condutores busquem estacionar em local apropriado, nas quadras pr\u00f3ximas. Vendedores ambulantes poder\u00e3o ficar \u00e0s margens da via de acesso, sem ocupar a faixa de rolamento.<\/p>\n<p><strong>Sobradinho II<\/strong><br \/>\nUma \u00e1rea em frente ao cemit\u00e9rio de Sobradinho II ser\u00e1 destinada ao estacionamento de deficientes e idosos. O Detran-DF colocar\u00e1 pain\u00e9is m\u00f3veis ao longo da via indicando os acostamentos que estar\u00e3o liberados para estacionar. Os agentes atuar\u00e3o no controle do tr\u00e1fego, aux\u00edlio na travessia de pedestres e implanta\u00e7\u00e3o de redutores de velocidade, al\u00e9m de coibir estacionamento irregular, como no gramado, por exemplo.<\/p>\n<p><strong>Planaltina<\/strong><br \/>\nA via de acesso e o estacionamento em frente ao cemit\u00e9rio de Planaltina ficar\u00e3o fechados para os ve\u00edculos, sendo permitido o acesso a viaturas e pessoas com mobilidade reduzida. Os vendedores ambulantes ficar\u00e3o \u00e0s margens da via de acesso, devendo manter a circula\u00e7\u00e3o livre para os ve\u00edculos autorizados.<\/p>\n<p><strong>Taguatinga<\/strong><br \/>\nO estacionamento em frente ao cemit\u00e9rio de Taguatinga ser\u00e1 destinado ao embarque e desembarque de passageiros, com circula\u00e7\u00e3o em sentido \u00fanico para facilitar a fluidez. Uma parte do estacionamento vai acomodar os vendedores ambulantes. Os agentes de tr\u00e2nsito far\u00e3o o controle do tr\u00e1fego e auxiliar\u00e3o na travessia de pedestres na Avenida H\u00e9lio Prates.<\/p>\n<p><strong>Gama<\/strong><br \/>\nO cemit\u00e9rio do Gama ficar\u00e1 sob a responsabilidade do Departamento de Estradas de Rodagem do Distrito Federal.<\/p>\n","protected":false},"excerpt":{"rendered":"<p>Neste s\u00e1bado (2), Dia de Finados, os cemit\u00e9rios do Distrito Federal \u2014 localizados na Asa Sul, Brazl\u00e2ndia, Gama, Planaltina, Sobradinho II e Taguatinga \u2014, ter\u00e3o policiamento refor\u00e7ado e a\u00e7\u00f5es para melhor fluidez no tr\u00e2nsito. A Pol\u00edcia Militar do Distrito Federal (PMDF) far\u00e1 a seguran\u00e7a nas imedia\u00e7\u00f5es dos cemit\u00e9rios nas regi\u00f5es administrativas. O policiamento ser\u00e1 feito [&hellip;]<\/p>\n","protected":false},"author":2,"featured_media":271811,"comment_status":"closed","ping_status":"closed","sticky":false,"template":"","format":"standard","meta":{"_acf_changed":false,"footnotes":""},"categories":[161],"tags":[],"class_list":["post-339892","post","type-post","status-publish","format-standard","has-post-thumbnail","hentry","category-quadradinho-em-foco"],"acf":[],"_links":{"self":[{"href":"https:\/\/www.notibras.com\/site\/wp-json\/wp\/v2\/posts\/339892","targetHints":{"allow":["GET"]}}],"collection":[{"href":"https:\/\/www.notibras.com\/site\/wp-json\/wp\/v2\/posts"}],"about":[{"href":"https:\/\/www.notibras.com\/site\/wp-json\/wp\/v2\/types\/post"}],"author":[{"embeddable":true,"href":"https:\/\/www.notibras.com\/site\/wp-json\/wp\/v2\/users\/2"}],"replies":[{"embeddable":true,"href":"https:\/\/www.notibras.com\/site\/wp-json\/wp\/v2\/comments?post=339892"}],"version-history":[{"count":1,"href":"https:\/\/www.notibras.com\/site\/wp-json\/wp\/v2\/posts\/339892\/revisions"}],"predecessor-version":[{"id":339893,"href":"https:\/\/www.notibras.com\/site\/wp-json\/wp\/v2\/posts\/339892\/revisions\/339893"}],"wp:featuredmedia":[{"embeddable":true,"href":"https:\/\/www.notibras.com\/site\/wp-json\/wp\/v2\/media\/271811"}],"wp:attachment":[{"href":"https:\/\/www.notibras.com\/site\/wp-json\/wp\/v2\/media?parent=339892"}],"wp:term":[{"taxonomy":"category","embeddable":true,"href":"https:\/\/www.notibras.com\/site\/wp-json\/wp\/v2\/categories?post=339892"},{"taxonomy":"post_tag","embeddable":true,"href":"https:\/\/www.notibras.com\/site\/wp-json\/wp\/v2\/tags?post=339892"}],"curies":[{"name":"wp","href":"https:\/\/api.w.org\/{rel}","templated":true}]}}