{"id":339894,"date":"2024-11-01T00:00:19","date_gmt":"2024-11-01T03:00:19","guid":{"rendered":"https:\/\/www.notibras.com\/site\/?p=339894"},"modified":"2024-11-01T08:37:58","modified_gmt":"2024-11-01T11:37:58","slug":"acao-remove-30-toneladas-de-entulhos-em-um-apartamento","status":"publish","type":"post","link":"https:\/\/www.notibras.com\/site\/acao-remove-30-toneladas-de-entulhos-em-um-apartamento\/","title":{"rendered":"A\u00e7\u00e3o remove 30 toneladas de entulhos em um apartamento"},"content":{"rendered":"<p>A Administra\u00e7\u00e3o Regional do Cruzeiro, em parceria com a Diretoria de Vigil\u00e2ncia Ambiental em Sa\u00fade (Dival) da Secretaria de Sa\u00fade, realizou uma a\u00e7\u00e3o de limpeza em um apartamento. A opera\u00e7\u00e3o, que mobilizou oito caminh\u00f5es, resultou na remo\u00e7\u00e3o de 30 toneladas de res\u00edduos, incluindo restos de m\u00f3veis, roupas, eletrodom\u00e9sticos e latinhas.<\/p>\n<p>Durante a a\u00e7\u00e3o, foram encontrados e removidos n\u00e3o apenas objetos inserv\u00edveis, mas tamb\u00e9m focos de infesta\u00e7\u00e3o de baratas e roedores, que representavam risco \u00e0 sa\u00fade, tanto da moradora, quanto dos vizinhos.<\/p>\n<p>Essa opera\u00e7\u00e3o destaca n\u00e3o apenas a necessidade de interven\u00e7\u00f5es para a limpeza de espa\u00e7os p\u00fablicos e privados, mas tamb\u00e9m a relev\u00e2ncia do suporte psicol\u00f3gico e social para aqueles que enfrentam dificuldades<\/p>\n<p>Gustavo Aires, administrador do Cruzeiro, ressaltou a import\u00e2ncia dessa for\u00e7a-tarefa. \u201cEstamos sempre trabalhando em conjunto com a Dival, justamente, para monitorarmos \u00e1reas que podem causar riscos \u00e0 sa\u00fade. Mas o mais interessante desse tipo de a\u00e7\u00e3o, \u00e9 ver a abordagem humana que os agentes realizam, sempre preocupados com o emocional de um acumulador\u201d, elogia Aires.<\/p>\n<p>Essa opera\u00e7\u00e3o destaca n\u00e3o apenas a necessidade de interven\u00e7\u00f5es para a limpeza de espa\u00e7os p\u00fablicos e privados, mas tamb\u00e9m a relev\u00e2ncia do suporte psicol\u00f3gico e social para aqueles que enfrentam dificuldades. A Administra\u00e7\u00e3o Regional do Cruzeiro e a Dival se comprometeram a continuar monitorando a situa\u00e7\u00e3o e oferecendo assist\u00eancia \u00e0 moradora, refor\u00e7ando a import\u00e2ncia da sa\u00fade mental em conjunto com o bem-estar f\u00edsico.<\/p>\n","protected":false},"excerpt":{"rendered":"<p>A Administra\u00e7\u00e3o Regional do Cruzeiro, em parceria com a Diretoria de Vigil\u00e2ncia Ambiental em Sa\u00fade (Dival) da Secretaria de Sa\u00fade, realizou uma a\u00e7\u00e3o de limpeza em um apartamento. A opera\u00e7\u00e3o, que mobilizou oito caminh\u00f5es, resultou na remo\u00e7\u00e3o de 30 toneladas de res\u00edduos, incluindo restos de m\u00f3veis, roupas, eletrodom\u00e9sticos e latinhas. Durante a a\u00e7\u00e3o, foram encontrados [&hellip;]<\/p>\n","protected":false},"author":2,"featured_media":339895,"comment_status":"closed","ping_status":"closed","sticky":false,"template":"","format":"standard","meta":{"_acf_changed":false,"footnotes":""},"categories":[161],"tags":[],"class_list":["post-339894","post","type-post","status-publish","format-standard","has-post-thumbnail","hentry","category-quadradinho-em-foco"],"acf":[],"_links":{"self":[{"href":"https:\/\/www.notibras.com\/site\/wp-json\/wp\/v2\/posts\/339894","targetHints":{"allow":["GET"]}}],"collection":[{"href":"https:\/\/www.notibras.com\/site\/wp-json\/wp\/v2\/posts"}],"about":[{"href":"https:\/\/www.notibras.com\/site\/wp-json\/wp\/v2\/types\/post"}],"author":[{"embeddable":true,"href":"https:\/\/www.notibras.com\/site\/wp-json\/wp\/v2\/users\/2"}],"replies":[{"embeddable":true,"href":"https:\/\/www.notibras.com\/site\/wp-json\/wp\/v2\/comments?post=339894"}],"version-history":[{"count":1,"href":"https:\/\/www.notibras.com\/site\/wp-json\/wp\/v2\/posts\/339894\/revisions"}],"predecessor-version":[{"id":339896,"href":"https:\/\/www.notibras.com\/site\/wp-json\/wp\/v2\/posts\/339894\/revisions\/339896"}],"wp:featuredmedia":[{"embeddable":true,"href":"https:\/\/www.notibras.com\/site\/wp-json\/wp\/v2\/media\/339895"}],"wp:attachment":[{"href":"https:\/\/www.notibras.com\/site\/wp-json\/wp\/v2\/media?parent=339894"}],"wp:term":[{"taxonomy":"category","embeddable":true,"href":"https:\/\/www.notibras.com\/site\/wp-json\/wp\/v2\/categories?post=339894"},{"taxonomy":"post_tag","embeddable":true,"href":"https:\/\/www.notibras.com\/site\/wp-json\/wp\/v2\/tags?post=339894"}],"curies":[{"name":"wp","href":"https:\/\/api.w.org\/{rel}","templated":true}]}}