{"id":339897,"date":"2024-11-01T00:42:03","date_gmt":"2024-11-01T03:42:03","guid":{"rendered":"https:\/\/www.notibras.com\/site\/?p=339897"},"modified":"2024-11-01T08:44:05","modified_gmt":"2024-11-01T11:44:05","slug":"comeca-fiscalizacao-do-licenciamento-para-veiculos","status":"publish","type":"post","link":"https:\/\/www.notibras.com\/site\/comeca-fiscalizacao-do-licenciamento-para-veiculos\/","title":{"rendered":"Come\u00e7a fiscaliza\u00e7\u00e3o do licenciamento para ve\u00edculos"},"content":{"rendered":"<p>De acordo com a Instru\u00e7\u00e3o n\u00ba 543, de 29 de agosto de 2024, que estabelece os prazos para a renova\u00e7\u00e3o do licenciamento anual dos ve\u00edculos registrados no Distrito Federal, a fiscaliza\u00e7\u00e3o do licenciamento 2024 para ve\u00edculos com placas terminadas em 3, 4 e 5 come\u00e7a nesta sexta-feira (1\u00ba). Ve\u00edculos com placa terminada em 6,7 e 8 devem ser licenciados at\u00e9 30 de novembro; e at\u00e9 31 de dezembro, os de final 9 e 0.<\/p>\n<p>Quando abordados pela fiscaliza\u00e7\u00e3o, os condutores desses ve\u00edculos precisam apresentar o Certificado de Registro e Licenciamento de Ve\u00edculo em meio digital (CRLV-e) 2024. De acordo com o C\u00f3digo de Tr\u00e2nsito Brasileiro (CTB), conduzir ve\u00edculo n\u00e3o licenciado configura infra\u00e7\u00e3o grav\u00edssima, com sete pontos na Carteira Nacional de Habilita\u00e7\u00e3o (CNH), recolhimento do ve\u00edculo e multa de R$ 293,47.<\/p>\n<p><strong>CRLV-e<\/strong><br \/>\nDesde 2021, o certificado de licenciamento \u00e9 emitido apenas no formato digital. O CRLV-e pode ser apresentado na vers\u00e3o digital, por meio dos aplicativos oficiais, ou na vers\u00e3o impressa em papel A4 branco comum. Ap\u00f3s a quita\u00e7\u00e3o dos d\u00e9bitos referentes a Imposto sobre Propriedade de Ve\u00edculos Automotores (IPVA), taxa de licenciamento e demais d\u00e9bitos decorrentes de multas ou servi\u00e7os pendentes, o CRLV-e 2024 ser\u00e1 disponibilizado ao propriet\u00e1rio, diretamente no aplicativo do Detran-DF Digital ou pelo Portal de Servi\u00e7os do Detran-DF. O documento tamb\u00e9m pode ser obtido no aplicativo do governo federal: Carteira Digital de Tr\u00e2nsito (CDT).<\/p>\n<p><strong>Balan\u00e7o<\/strong><br \/>\nAt\u00e9 o momento, 1.155.925 ve\u00edculos est\u00e3o licenciados, o que corresponde a 55,6% da frota registrada (2.080.949) e 90,8% da frota ativa \u2013 aquela que costuma ser licenciada (1.272.001).<\/p>\n<p><strong>Cronograma<\/strong><br \/>\n\u2013 Final de placa 3, 4 e 5<br \/>\nPrazo de licenciamento: 31 de outubro<br \/>\nIn\u00edcio da fiscaliza\u00e7\u00e3o: 1\u00ba de novembro<\/p>\n<p>\u2013 Final de placa 6, 7 e 8<br \/>\nPrazo de licenciamento: 30 de novembro<br \/>\nIn\u00edcio da fiscaliza\u00e7\u00e3o: 1\u00ba de dezembro<\/p>\n<p>\u2013 Final de placa 9 e 0<br \/>\nPrazo de licenciamento: 31 de dezembro<br \/>\nIn\u00edcio da fiscaliza\u00e7\u00e3o: 1\u00ba de janeiro<\/p>\n","protected":false},"excerpt":{"rendered":"<p>De acordo com a Instru\u00e7\u00e3o n\u00ba 543, de 29 de agosto de 2024, que estabelece os prazos para a renova\u00e7\u00e3o do licenciamento anual dos ve\u00edculos registrados no Distrito Federal, a fiscaliza\u00e7\u00e3o do licenciamento 2024 para ve\u00edculos com placas terminadas em 3, 4 e 5 come\u00e7a nesta sexta-feira (1\u00ba). Ve\u00edculos com placa terminada em 6,7 e [&hellip;]<\/p>\n","protected":false},"author":2,"featured_media":126287,"comment_status":"closed","ping_status":"closed","sticky":false,"template":"","format":"standard","meta":{"_acf_changed":false,"footnotes":""},"categories":[161],"tags":[],"class_list":["post-339897","post","type-post","status-publish","format-standard","has-post-thumbnail","hentry","category-quadradinho-em-foco"],"acf":[],"_links":{"self":[{"href":"https:\/\/www.notibras.com\/site\/wp-json\/wp\/v2\/posts\/339897","targetHints":{"allow":["GET"]}}],"collection":[{"href":"https:\/\/www.notibras.com\/site\/wp-json\/wp\/v2\/posts"}],"about":[{"href":"https:\/\/www.notibras.com\/site\/wp-json\/wp\/v2\/types\/post"}],"author":[{"embeddable":true,"href":"https:\/\/www.notibras.com\/site\/wp-json\/wp\/v2\/users\/2"}],"replies":[{"embeddable":true,"href":"https:\/\/www.notibras.com\/site\/wp-json\/wp\/v2\/comments?post=339897"}],"version-history":[{"count":1,"href":"https:\/\/www.notibras.com\/site\/wp-json\/wp\/v2\/posts\/339897\/revisions"}],"predecessor-version":[{"id":339898,"href":"https:\/\/www.notibras.com\/site\/wp-json\/wp\/v2\/posts\/339897\/revisions\/339898"}],"wp:featuredmedia":[{"embeddable":true,"href":"https:\/\/www.notibras.com\/site\/wp-json\/wp\/v2\/media\/126287"}],"wp:attachment":[{"href":"https:\/\/www.notibras.com\/site\/wp-json\/wp\/v2\/media?parent=339897"}],"wp:term":[{"taxonomy":"category","embeddable":true,"href":"https:\/\/www.notibras.com\/site\/wp-json\/wp\/v2\/categories?post=339897"},{"taxonomy":"post_tag","embeddable":true,"href":"https:\/\/www.notibras.com\/site\/wp-json\/wp\/v2\/tags?post=339897"}],"curies":[{"name":"wp","href":"https:\/\/api.w.org\/{rel}","templated":true}]}}