{"id":339916,"date":"2024-11-01T10:14:00","date_gmt":"2024-11-01T13:14:00","guid":{"rendered":"https:\/\/www.notibras.com\/site\/?p=339916"},"modified":"2024-11-01T10:46:17","modified_gmt":"2024-11-01T13:46:17","slug":"bolsonaro-entra-na-campanha-da-oab-e-pede-votos-para-veve-gueiros","status":"publish","type":"post","link":"https:\/\/www.notibras.com\/site\/bolsonaro-entra-na-campanha-da-oab-e-pede-votos-para-veve-gueiros\/","title":{"rendered":"Bolsonaro entra na campanha da OAB e pede votos para Vev\u00e9 Gueiros"},"content":{"rendered":"<p>Em um encontro que ressaltou a import\u00e2ncia das liberdades individuais e do Estado de Direito, Jair Bolsonaro hipotecou seu apoio \u00e0 candidatura de Everardo Gueiros \u00e0 presid\u00eancia da OAB-DF, refor\u00e7ando o prop\u00f3sito de uma Ordem independente e comprometida com a defesa da advocacia e dos direitos dos cidad\u00e3os. &#8220;Estamos aqui hoje para reafirmar o compromisso com uma OAB que defenda o povo e o Estado Democr\u00e1tico de Direito, com respeito \u00e0s liberdades e prerrogativas dos advogados,&#8221; afirmou Gueiros, que destacou a necessidade de uma entidade combativa e sintonizada com os interesses da sociedade.<\/p>\n<p>Bolsonaro, alinhado com o discurso de Everardo, sublinhou a necessidade de uma OAB que seja firme na defesa dos princ\u00edpios democr\u00e1ticos. &#8220;Defender a democracia e a liberdade \u00e9 o \u00f3bvio, e temos advogados comprometidos com essa miss\u00e3o,&#8221; ressaltou o ex-presidente, reafirmando seu apre\u00e7o por uma Ordem que valorize as prerrogativas e garanta a justi\u00e7a para todos.<\/p>\n<p>Everardo tamb\u00e9m pontuou cr\u00edticas incisivas ao que considera ser uma postura de retraimento e omiss\u00e3o da atual gest\u00e3o da OAB-DF e da OAB Nacional, que, segundo ele, t\u00eam falhado em proteger os advogados em momentos cruciais. &#8220;Nos \u00faltimos anos, o acovardamento da Ordem tem deixado os advogados desprotegidos, especialmente nas garantias para o livre exerc\u00edcio da profiss\u00e3o,&#8221; assinalou Gueiros, frisando seu compromisso com a defesa das prerrogativas, que ele v\u00ea como \u201co direito do povo de ter um julgamento justo, de ter um processo leg\u00edtimo\u201d.<\/p>\n<p>Para Everardo, o apoio de Bolsonaro refor\u00e7a a urg\u00eancia de mudan\u00e7as profundas na dire\u00e7\u00e3o da OAB-DF, que, segundo ele, precisa resgatar seu papel como voz ativa e combativa em defesa dos advogados e da justi\u00e7a. Com uma postura de fortalecimento das liberdades e das garantias legais, Everardo Gueiros se comprometeu a liderar uma OAB comprometida com o Estado Democr\u00e1tico de Direito, alinhada aos valores essenciais que a advocacia e a sociedade esperam da entidade.<\/p>\n","protected":false},"excerpt":{"rendered":"<p>Em um encontro que ressaltou a import\u00e2ncia das liberdades individuais e do Estado de Direito, Jair Bolsonaro hipotecou seu apoio \u00e0 candidatura de Everardo Gueiros \u00e0 presid\u00eancia da OAB-DF, refor\u00e7ando o prop\u00f3sito de uma Ordem independente e comprometida com a defesa da advocacia e dos direitos dos cidad\u00e3os. &#8220;Estamos aqui hoje para reafirmar o compromisso [&hellip;]<\/p>\n","protected":false},"author":2,"featured_media":339917,"comment_status":"closed","ping_status":"closed","sticky":false,"template":"","format":"standard","meta":{"_acf_changed":false,"footnotes":""},"categories":[161],"tags":[],"class_list":["post-339916","post","type-post","status-publish","format-standard","has-post-thumbnail","hentry","category-quadradinho-em-foco"],"acf":[],"_links":{"self":[{"href":"https:\/\/www.notibras.com\/site\/wp-json\/wp\/v2\/posts\/339916","targetHints":{"allow":["GET"]}}],"collection":[{"href":"https:\/\/www.notibras.com\/site\/wp-json\/wp\/v2\/posts"}],"about":[{"href":"https:\/\/www.notibras.com\/site\/wp-json\/wp\/v2\/types\/post"}],"author":[{"embeddable":true,"href":"https:\/\/www.notibras.com\/site\/wp-json\/wp\/v2\/users\/2"}],"replies":[{"embeddable":true,"href":"https:\/\/www.notibras.com\/site\/wp-json\/wp\/v2\/comments?post=339916"}],"version-history":[{"count":1,"href":"https:\/\/www.notibras.com\/site\/wp-json\/wp\/v2\/posts\/339916\/revisions"}],"predecessor-version":[{"id":339918,"href":"https:\/\/www.notibras.com\/site\/wp-json\/wp\/v2\/posts\/339916\/revisions\/339918"}],"wp:featuredmedia":[{"embeddable":true,"href":"https:\/\/www.notibras.com\/site\/wp-json\/wp\/v2\/media\/339917"}],"wp:attachment":[{"href":"https:\/\/www.notibras.com\/site\/wp-json\/wp\/v2\/media?parent=339916"}],"wp:term":[{"taxonomy":"category","embeddable":true,"href":"https:\/\/www.notibras.com\/site\/wp-json\/wp\/v2\/categories?post=339916"},{"taxonomy":"post_tag","embeddable":true,"href":"https:\/\/www.notibras.com\/site\/wp-json\/wp\/v2\/tags?post=339916"}],"curies":[{"name":"wp","href":"https:\/\/api.w.org\/{rel}","templated":true}]}}