{"id":33994,"date":"2015-01-14T07:58:12","date_gmt":"2015-01-14T10:58:12","guid":{"rendered":"http:\/\/www.notibras.com\/site\/?p=33994"},"modified":"2015-01-14T13:56:35","modified_gmt":"2015-01-14T16:56:35","slug":"aloprados-do-pt-entram-em-campo-para-queimar-candidatura-de-cunha","status":"publish","type":"post","link":"https:\/\/www.notibras.com\/site\/aloprados-do-pt-entram-em-campo-para-queimar-candidatura-de-cunha\/","title":{"rendered":"&#8216;Aloprados&#8217; do PT entram em campo para queimar Cunha"},"content":{"rendered":"<p>O ex-presidente Luiz In\u00e1cio Lula da Silva atribuiu a um grupo de &#8216;aloprados&#8217; do PT uma desastrada manobra que acabou no vazamento de uma mala cheia de d\u00f3lares em S\u00e3o Paulo. Agora esses mesmos &#8216;aloprados&#8217; estariam agindo para implodir a candidatura de Eduardo Cunha (PMDB-RJ) \u00e0 C\u00e2mara dos Deputados.<\/p>\n<p>Esse suposto v\u00ednculo ficou evidente ap\u00f3s o pr\u00f3prio Cunha ter classificado como \u201calopragem\u201d a den\u00fancia de ter recebido dinheiro de propina do doleiro Alberto Youssef dentro do esquema apurado na Opera\u00e7\u00e3o Lava Jato. Para o peemedebista, o vazamento da rela\u00e7\u00e3o dele com Youssef visava favorecer outras candidaturas \u00e0 Mesa Diretora.<\/p>\n<p>Na semana passada, os jornais Folha de S. Paulo e O Estado de S. Paulo publicaram que Cunha teria recebido repasses de Youssef por interm\u00e9dio do lobista Fernando Antonio Soares, o Fernando Baiano, e do policial federal Jayme Alves de Oliveira Filho, o Careca. Ontem (12), Ant\u00f4nio Figueiredo Basto, advogado de Youssef, afirmou que o doleiro nega que o peemdebista tivesse se beneficiado com o esquema.<\/p>\n<blockquote><p>Cunha acredita que a den\u00fancia foi \u201cdesmoralizada por si mesmo\u201d quando o endere\u00e7o informado como a suposta casa do peemedebista estava incorreto. Depois, pelo fato do advogado de Youssef desmentir que ele e o senador eleito Antonio Anastasia (PSDB-MG) estejam na lista de pol\u00edticos que devem ser investigados na Lava Jato.<\/p><\/blockquote>\n<p>\u201cEnt\u00e3o eu diria que isso \u00e9 uma alopragem. E essa alopragem foi desmoralizada, tentaram criar um constrangimento na minha candidatura atrav\u00e9s de den\u00fancias falsas, vazias, com o intuito de beneficiar outras candidaturas. Certamente foi um tiro na \u00e1gua, de festim\u201d, afirmou Cunha, que questionado sobre quem seria o respons\u00e1vel pela &#8220;alopragem&#8221;, n\u00e3o quis responder.<\/p>\n<p>No entanto, ao usar o termo \u201calopragem\u201d, Cunha indiretamente remete ao caso dos aloprados, em 2006. Na \u00e9poca, integrantes do PT foram presos pela Pol\u00edcia Federal acusados de tentar comprar um dossi\u00ea contra o ent\u00e3o governador de S\u00e3o Paulo Jos\u00e9 Serra, pr\u00e9-candidato \u00e0 Presid\u00eancia da Rep\u00fablica pelo PSDB. O presidente Lula, para diminuir a import\u00e2ncia do epis\u00f3dio e tirar o foco do PT, afirmou que a negocia\u00e7\u00e3o tinha sido conduzida por \u201cum bando de aloprados\u201d.<\/p>\n<p>Na vis\u00e3o do peemedebista, o resultado ser\u00e1 o inverso do desejado por seus advers\u00e1rios. Ele aposta que ganhou mais votos para a elei\u00e7\u00e3o da C\u00e2mara ap\u00f3s a publica\u00e7\u00e3o das mat\u00e9rias pelo Estad\u00e3o e pela Folha. \u201c(O efeito \u00e9) positivo, porque a revolta daqueles que assistiram tudo isso\u2026Eu s\u00f3 encontro solidariedade e revolta. Eu acho que ganhei muitos votos daqueles que estavam indecisos. Tenho certeza que outras candidaturas perderam votos\u201d, afirmou.<\/p>\n<p>A elei\u00e7\u00e3o para a presid\u00eancia da C\u00e2mara e para os outros cargos da Mesa Diretora est\u00e1 marcada para 1\u00ba de fevereiro, logo depois da posse da nova legislatura. Al\u00e9m de Cunha, disputam o principal assento da Casa o atual vice-presidente, Arlindo Chinaglia (PT-SP), e o l\u00edder do PSB, J\u00falio Delgado (MG).<\/p>\n","protected":false},"excerpt":{"rendered":"<p>O ex-presidente Luiz In\u00e1cio Lula da Silva atribuiu a um grupo de &#8216;aloprados&#8217; do PT uma desastrada manobra que acabou no vazamento de uma mala cheia de d\u00f3lares em S\u00e3o Paulo. Agora esses mesmos &#8216;aloprados&#8217; estariam agindo para implodir a candidatura de Eduardo Cunha (PMDB-RJ) \u00e0 C\u00e2mara dos Deputados. Esse suposto v\u00ednculo ficou evidente ap\u00f3s [&hellip;]<\/p>\n","protected":false},"author":2,"featured_media":33995,"comment_status":"open","ping_status":"closed","sticky":false,"template":"","format":"standard","meta":{"_acf_changed":false,"footnotes":""},"categories":[16],"tags":[],"class_list":["post-33994","post","type-post","status-publish","format-standard","has-post-thumbnail","hentry","category-brasil"],"acf":[],"yoast_head":"<!-- This site is optimized with the Yoast SEO plugin v27.2 - https:\/\/yoast.com\/product\/yoast-seo-wordpress\/ -->\n<title>&#039;Aloprados&#039; do PT entram em campo para queimar Cunha - Notibras<\/title>\n<meta name=\"robots\" content=\"index, follow, max-snippet:-1, max-image-preview:large, max-video-preview:-1\" \/>\n<link rel=\"canonical\" href=\"https:\/\/www.notibras.com\/site\/aloprados-do-pt-entram-em-campo-para-queimar-candidatura-de-cunha\/\" \/>\n<meta property=\"og:locale\" content=\"pt_BR\" \/>\n<meta property=\"og:type\" content=\"article\" \/>\n<meta property=\"og:title\" content=\"&#039;Aloprados&#039; do PT entram em campo para queimar Cunha - Notibras\" \/>\n<meta property=\"og:description\" content=\"O ex-presidente Luiz In\u00e1cio Lula da Silva atribuiu a um grupo de &#8216;aloprados&#8217; do PT uma desastrada manobra que acabou no vazamento de uma mala cheia de d\u00f3lares em S\u00e3o Paulo. Agora esses mesmos &#8216;aloprados&#8217; estariam agindo para implodir a candidatura de Eduardo Cunha (PMDB-RJ) \u00e0 C\u00e2mara dos Deputados. Esse suposto v\u00ednculo ficou evidente ap\u00f3s [&hellip;]\" \/>\n<meta property=\"og:url\" content=\"https:\/\/www.notibras.com\/site\/aloprados-do-pt-entram-em-campo-para-queimar-candidatura-de-cunha\/\" \/>\n<meta property=\"og:site_name\" content=\"Notibras\" \/>\n<meta property=\"article:publisher\" content=\"https:\/\/www.facebook.com\/notibras\/\" \/>\n<meta property=\"article:published_time\" content=\"2015-01-14T10:58:12+00:00\" \/>\n<meta property=\"article:modified_time\" content=\"2015-01-14T16:56:35+00:00\" \/>\n<meta property=\"og:image\" content=\"https:\/\/www.notibras.com\/site\/wp-content\/uploads\/2015\/01\/cun.jpg\" \/>\n\t<meta property=\"og:image:width\" content=\"460\" \/>\n\t<meta property=\"og:image:height\" content=\"340\" \/>\n\t<meta property=\"og:image:type\" content=\"image\/jpeg\" \/>\n<meta name=\"author\" content=\"Reda\u00e7\u00e3o\" \/>\n<meta name=\"twitter:card\" content=\"summary_large_image\" \/>\n<meta name=\"twitter:creator\" content=\"@Notibras\" \/>\n<meta name=\"twitter:site\" content=\"@Notibras\" \/>\n<meta name=\"twitter:label1\" content=\"Escrito por\" \/>\n\t<meta name=\"twitter:data1\" content=\"Reda\u00e7\u00e3o\" \/>\n\t<meta name=\"twitter:label2\" content=\"Est. tempo de leitura\" \/>\n\t<meta name=\"twitter:data2\" content=\"3 minutos\" \/>\n<script type=\"application\/ld+json\" class=\"yoast-schema-graph\">{\"@context\":\"https:\/\/schema.org\",\"@graph\":[{\"@type\":\"Article\",\"@id\":\"https:\/\/www.notibras.com\/site\/aloprados-do-pt-entram-em-campo-para-queimar-candidatura-de-cunha\/#article\",\"isPartOf\":{\"@id\":\"https:\/\/www.notibras.com\/site\/aloprados-do-pt-entram-em-campo-para-queimar-candidatura-de-cunha\/\"},\"author\":{\"name\":\"Reda\u00e7\u00e3o\",\"@id\":\"https:\/\/www.notibras.com\/site\/#\/schema\/person\/36ab0979449956132d3e5b517ea76ac8\"},\"headline\":\"&#8216;Aloprados&#8217; do PT entram em campo para queimar Cunha\",\"datePublished\":\"2015-01-14T10:58:12+00:00\",\"dateModified\":\"2015-01-14T16:56:35+00:00\",\"mainEntityOfPage\":{\"@id\":\"https:\/\/www.notibras.com\/site\/aloprados-do-pt-entram-em-campo-para-queimar-candidatura-de-cunha\/\"},\"wordCount\":511,\"commentCount\":0,\"publisher\":{\"@id\":\"https:\/\/www.notibras.com\/site\/#organization\"},\"image\":{\"@id\":\"https:\/\/www.notibras.com\/site\/aloprados-do-pt-entram-em-campo-para-queimar-candidatura-de-cunha\/#primaryimage\"},\"thumbnailUrl\":\"https:\/\/www.notibras.com\/site\/wp-content\/uploads\/2015\/01\/cun.jpg\",\"articleSection\":[\"Brasil\"],\"inLanguage\":\"pt-BR\",\"potentialAction\":[{\"@type\":\"CommentAction\",\"name\":\"Comment\",\"target\":[\"https:\/\/www.notibras.com\/site\/aloprados-do-pt-entram-em-campo-para-queimar-candidatura-de-cunha\/#respond\"]}]},{\"@type\":\"WebPage\",\"@id\":\"https:\/\/www.notibras.com\/site\/aloprados-do-pt-entram-em-campo-para-queimar-candidatura-de-cunha\/\",\"url\":\"https:\/\/www.notibras.com\/site\/aloprados-do-pt-entram-em-campo-para-queimar-candidatura-de-cunha\/\",\"name\":\"'Aloprados' do PT entram em campo para queimar Cunha - Notibras\",\"isPartOf\":{\"@id\":\"https:\/\/www.notibras.com\/site\/#website\"},\"primaryImageOfPage\":{\"@id\":\"https:\/\/www.notibras.com\/site\/aloprados-do-pt-entram-em-campo-para-queimar-candidatura-de-cunha\/#primaryimage\"},\"image\":{\"@id\":\"https:\/\/www.notibras.com\/site\/aloprados-do-pt-entram-em-campo-para-queimar-candidatura-de-cunha\/#primaryimage\"},\"thumbnailUrl\":\"https:\/\/www.notibras.com\/site\/wp-content\/uploads\/2015\/01\/cun.jpg\",\"datePublished\":\"2015-01-14T10:58:12+00:00\",\"dateModified\":\"2015-01-14T16:56:35+00:00\",\"breadcrumb\":{\"@id\":\"https:\/\/www.notibras.com\/site\/aloprados-do-pt-entram-em-campo-para-queimar-candidatura-de-cunha\/#breadcrumb\"},\"inLanguage\":\"pt-BR\",\"potentialAction\":[{\"@type\":\"ReadAction\",\"target\":[\"https:\/\/www.notibras.com\/site\/aloprados-do-pt-entram-em-campo-para-queimar-candidatura-de-cunha\/\"]}]},{\"@type\":\"ImageObject\",\"inLanguage\":\"pt-BR\",\"@id\":\"https:\/\/www.notibras.com\/site\/aloprados-do-pt-entram-em-campo-para-queimar-candidatura-de-cunha\/#primaryimage\",\"url\":\"https:\/\/www.notibras.com\/site\/wp-content\/uploads\/2015\/01\/cun.jpg\",\"contentUrl\":\"https:\/\/www.notibras.com\/site\/wp-content\/uploads\/2015\/01\/cun.jpg\",\"width\":460,\"height\":340},{\"@type\":\"BreadcrumbList\",\"@id\":\"https:\/\/www.notibras.com\/site\/aloprados-do-pt-entram-em-campo-para-queimar-candidatura-de-cunha\/#breadcrumb\",\"itemListElement\":[{\"@type\":\"ListItem\",\"position\":1,\"name\":\"In\u00edcio\",\"item\":\"https:\/\/www.notibras.com\/site\/\"},{\"@type\":\"ListItem\",\"position\":2,\"name\":\"&#8216;Aloprados&#8217; do PT entram em campo para queimar Cunha\"}]},{\"@type\":\"WebSite\",\"@id\":\"https:\/\/www.notibras.com\/site\/#website\",\"url\":\"https:\/\/www.notibras.com\/site\/\",\"name\":\"Notibras\",\"description\":\"Not\u00edcias de Bras\u00edlia, do Brasil e do Mundo\",\"publisher\":{\"@id\":\"https:\/\/www.notibras.com\/site\/#organization\"},\"potentialAction\":[{\"@type\":\"SearchAction\",\"target\":{\"@type\":\"EntryPoint\",\"urlTemplate\":\"https:\/\/www.notibras.com\/site\/?s={search_term_string}\"},\"query-input\":{\"@type\":\"PropertyValueSpecification\",\"valueRequired\":true,\"valueName\":\"search_term_string\"}}],\"inLanguage\":\"pt-BR\"},{\"@type\":\"Organization\",\"@id\":\"https:\/\/www.notibras.com\/site\/#organization\",\"name\":\"Grupo Notibras de Comunica\u00e7\u00e3o\",\"url\":\"https:\/\/www.notibras.com\/site\/\",\"logo\":{\"@type\":\"ImageObject\",\"inLanguage\":\"pt-BR\",\"@id\":\"https:\/\/www.notibras.com\/site\/#\/schema\/logo\/image\/\",\"url\":\"https:\/\/www.notibras.com\/site\/wp-content\/uploads\/2023\/01\/notibras23.png\",\"contentUrl\":\"https:\/\/www.notibras.com\/site\/wp-content\/uploads\/2023\/01\/notibras23.png\",\"width\":350,\"height\":87,\"caption\":\"Grupo Notibras de Comunica\u00e7\u00e3o\"},\"image\":{\"@id\":\"https:\/\/www.notibras.com\/site\/#\/schema\/logo\/image\/\"},\"sameAs\":[\"https:\/\/www.facebook.com\/notibras\/\",\"https:\/\/x.com\/Notibras\",\"https:\/\/www.instagram.com\/notibras\/\"]},{\"@type\":\"Person\",\"@id\":\"https:\/\/www.notibras.com\/site\/#\/schema\/person\/36ab0979449956132d3e5b517ea76ac8\",\"name\":\"Reda\u00e7\u00e3o\",\"image\":{\"@type\":\"ImageObject\",\"inLanguage\":\"pt-BR\",\"@id\":\"https:\/\/secure.gravatar.com\/avatar\/e0a867bdedb85fd243eadf09663511f96fc81e0720a4a42581f334ad4303aa6b?s=96&d=mm&r=g\",\"url\":\"https:\/\/secure.gravatar.com\/avatar\/e0a867bdedb85fd243eadf09663511f96fc81e0720a4a42581f334ad4303aa6b?s=96&d=mm&r=g\",\"contentUrl\":\"https:\/\/secure.gravatar.com\/avatar\/e0a867bdedb85fd243eadf09663511f96fc81e0720a4a42581f334ad4303aa6b?s=96&d=mm&r=g\",\"caption\":\"Reda\u00e7\u00e3o\"}}]}<\/script>\n<!-- \/ Yoast SEO plugin. -->","yoast_head_json":{"title":"'Aloprados' do PT entram em campo para queimar Cunha - Notibras","robots":{"index":"index","follow":"follow","max-snippet":"max-snippet:-1","max-image-preview":"max-image-preview:large","max-video-preview":"max-video-preview:-1"},"canonical":"https:\/\/www.notibras.com\/site\/aloprados-do-pt-entram-em-campo-para-queimar-candidatura-de-cunha\/","og_locale":"pt_BR","og_type":"article","og_title":"'Aloprados' do PT entram em campo para queimar Cunha - Notibras","og_description":"O ex-presidente Luiz In\u00e1cio Lula da Silva atribuiu a um grupo de &#8216;aloprados&#8217; do PT uma desastrada manobra que acabou no vazamento de uma mala cheia de d\u00f3lares em S\u00e3o Paulo. Agora esses mesmos &#8216;aloprados&#8217; estariam agindo para implodir a candidatura de Eduardo Cunha (PMDB-RJ) \u00e0 C\u00e2mara dos Deputados. Esse suposto v\u00ednculo ficou evidente ap\u00f3s [&hellip;]","og_url":"https:\/\/www.notibras.com\/site\/aloprados-do-pt-entram-em-campo-para-queimar-candidatura-de-cunha\/","og_site_name":"Notibras","article_publisher":"https:\/\/www.facebook.com\/notibras\/","article_published_time":"2015-01-14T10:58:12+00:00","article_modified_time":"2015-01-14T16:56:35+00:00","og_image":[{"width":460,"height":340,"url":"https:\/\/www.notibras.com\/site\/wp-content\/uploads\/2015\/01\/cun.jpg","type":"image\/jpeg"}],"author":"Reda\u00e7\u00e3o","twitter_card":"summary_large_image","twitter_creator":"@Notibras","twitter_site":"@Notibras","twitter_misc":{"Escrito por":"Reda\u00e7\u00e3o","Est. tempo de leitura":"3 minutos"},"schema":{"@context":"https:\/\/schema.org","@graph":[{"@type":"Article","@id":"https:\/\/www.notibras.com\/site\/aloprados-do-pt-entram-em-campo-para-queimar-candidatura-de-cunha\/#article","isPartOf":{"@id":"https:\/\/www.notibras.com\/site\/aloprados-do-pt-entram-em-campo-para-queimar-candidatura-de-cunha\/"},"author":{"name":"Reda\u00e7\u00e3o","@id":"https:\/\/www.notibras.com\/site\/#\/schema\/person\/36ab0979449956132d3e5b517ea76ac8"},"headline":"&#8216;Aloprados&#8217; do PT entram em campo para queimar Cunha","datePublished":"2015-01-14T10:58:12+00:00","dateModified":"2015-01-14T16:56:35+00:00","mainEntityOfPage":{"@id":"https:\/\/www.notibras.com\/site\/aloprados-do-pt-entram-em-campo-para-queimar-candidatura-de-cunha\/"},"wordCount":511,"commentCount":0,"publisher":{"@id":"https:\/\/www.notibras.com\/site\/#organization"},"image":{"@id":"https:\/\/www.notibras.com\/site\/aloprados-do-pt-entram-em-campo-para-queimar-candidatura-de-cunha\/#primaryimage"},"thumbnailUrl":"https:\/\/www.notibras.com\/site\/wp-content\/uploads\/2015\/01\/cun.jpg","articleSection":["Brasil"],"inLanguage":"pt-BR","potentialAction":[{"@type":"CommentAction","name":"Comment","target":["https:\/\/www.notibras.com\/site\/aloprados-do-pt-entram-em-campo-para-queimar-candidatura-de-cunha\/#respond"]}]},{"@type":"WebPage","@id":"https:\/\/www.notibras.com\/site\/aloprados-do-pt-entram-em-campo-para-queimar-candidatura-de-cunha\/","url":"https:\/\/www.notibras.com\/site\/aloprados-do-pt-entram-em-campo-para-queimar-candidatura-de-cunha\/","name":"'Aloprados' do PT entram em campo para queimar Cunha - Notibras","isPartOf":{"@id":"https:\/\/www.notibras.com\/site\/#website"},"primaryImageOfPage":{"@id":"https:\/\/www.notibras.com\/site\/aloprados-do-pt-entram-em-campo-para-queimar-candidatura-de-cunha\/#primaryimage"},"image":{"@id":"https:\/\/www.notibras.com\/site\/aloprados-do-pt-entram-em-campo-para-queimar-candidatura-de-cunha\/#primaryimage"},"thumbnailUrl":"https:\/\/www.notibras.com\/site\/wp-content\/uploads\/2015\/01\/cun.jpg","datePublished":"2015-01-14T10:58:12+00:00","dateModified":"2015-01-14T16:56:35+00:00","breadcrumb":{"@id":"https:\/\/www.notibras.com\/site\/aloprados-do-pt-entram-em-campo-para-queimar-candidatura-de-cunha\/#breadcrumb"},"inLanguage":"pt-BR","potentialAction":[{"@type":"ReadAction","target":["https:\/\/www.notibras.com\/site\/aloprados-do-pt-entram-em-campo-para-queimar-candidatura-de-cunha\/"]}]},{"@type":"ImageObject","inLanguage":"pt-BR","@id":"https:\/\/www.notibras.com\/site\/aloprados-do-pt-entram-em-campo-para-queimar-candidatura-de-cunha\/#primaryimage","url":"https:\/\/www.notibras.com\/site\/wp-content\/uploads\/2015\/01\/cun.jpg","contentUrl":"https:\/\/www.notibras.com\/site\/wp-content\/uploads\/2015\/01\/cun.jpg","width":460,"height":340},{"@type":"BreadcrumbList","@id":"https:\/\/www.notibras.com\/site\/aloprados-do-pt-entram-em-campo-para-queimar-candidatura-de-cunha\/#breadcrumb","itemListElement":[{"@type":"ListItem","position":1,"name":"In\u00edcio","item":"https:\/\/www.notibras.com\/site\/"},{"@type":"ListItem","position":2,"name":"&#8216;Aloprados&#8217; do PT entram em campo para queimar Cunha"}]},{"@type":"WebSite","@id":"https:\/\/www.notibras.com\/site\/#website","url":"https:\/\/www.notibras.com\/site\/","name":"Notibras","description":"Not\u00edcias de Bras\u00edlia, do Brasil e do Mundo","publisher":{"@id":"https:\/\/www.notibras.com\/site\/#organization"},"potentialAction":[{"@type":"SearchAction","target":{"@type":"EntryPoint","urlTemplate":"https:\/\/www.notibras.com\/site\/?s={search_term_string}"},"query-input":{"@type":"PropertyValueSpecification","valueRequired":true,"valueName":"search_term_string"}}],"inLanguage":"pt-BR"},{"@type":"Organization","@id":"https:\/\/www.notibras.com\/site\/#organization","name":"Grupo Notibras de Comunica\u00e7\u00e3o","url":"https:\/\/www.notibras.com\/site\/","logo":{"@type":"ImageObject","inLanguage":"pt-BR","@id":"https:\/\/www.notibras.com\/site\/#\/schema\/logo\/image\/","url":"https:\/\/www.notibras.com\/site\/wp-content\/uploads\/2023\/01\/notibras23.png","contentUrl":"https:\/\/www.notibras.com\/site\/wp-content\/uploads\/2023\/01\/notibras23.png","width":350,"height":87,"caption":"Grupo Notibras de Comunica\u00e7\u00e3o"},"image":{"@id":"https:\/\/www.notibras.com\/site\/#\/schema\/logo\/image\/"},"sameAs":["https:\/\/www.facebook.com\/notibras\/","https:\/\/x.com\/Notibras","https:\/\/www.instagram.com\/notibras\/"]},{"@type":"Person","@id":"https:\/\/www.notibras.com\/site\/#\/schema\/person\/36ab0979449956132d3e5b517ea76ac8","name":"Reda\u00e7\u00e3o","image":{"@type":"ImageObject","inLanguage":"pt-BR","@id":"https:\/\/secure.gravatar.com\/avatar\/e0a867bdedb85fd243eadf09663511f96fc81e0720a4a42581f334ad4303aa6b?s=96&d=mm&r=g","url":"https:\/\/secure.gravatar.com\/avatar\/e0a867bdedb85fd243eadf09663511f96fc81e0720a4a42581f334ad4303aa6b?s=96&d=mm&r=g","contentUrl":"https:\/\/secure.gravatar.com\/avatar\/e0a867bdedb85fd243eadf09663511f96fc81e0720a4a42581f334ad4303aa6b?s=96&d=mm&r=g","caption":"Reda\u00e7\u00e3o"}}]}},"amp_enabled":true,"_links":{"self":[{"href":"https:\/\/www.notibras.com\/site\/wp-json\/wp\/v2\/posts\/33994","targetHints":{"allow":["GET"]}}],"collection":[{"href":"https:\/\/www.notibras.com\/site\/wp-json\/wp\/v2\/posts"}],"about":[{"href":"https:\/\/www.notibras.com\/site\/wp-json\/wp\/v2\/types\/post"}],"author":[{"embeddable":true,"href":"https:\/\/www.notibras.com\/site\/wp-json\/wp\/v2\/users\/2"}],"replies":[{"embeddable":true,"href":"https:\/\/www.notibras.com\/site\/wp-json\/wp\/v2\/comments?post=33994"}],"version-history":[{"count":0,"href":"https:\/\/www.notibras.com\/site\/wp-json\/wp\/v2\/posts\/33994\/revisions"}],"wp:featuredmedia":[{"embeddable":true,"href":"https:\/\/www.notibras.com\/site\/wp-json\/wp\/v2\/media\/33995"}],"wp:attachment":[{"href":"https:\/\/www.notibras.com\/site\/wp-json\/wp\/v2\/media?parent=33994"}],"wp:term":[{"taxonomy":"category","embeddable":true,"href":"https:\/\/www.notibras.com\/site\/wp-json\/wp\/v2\/categories?post=33994"},{"taxonomy":"post_tag","embeddable":true,"href":"https:\/\/www.notibras.com\/site\/wp-json\/wp\/v2\/tags?post=33994"}],"curies":[{"name":"wp","href":"https:\/\/api.w.org\/{rel}","templated":true}]}}