{"id":339950,"date":"2024-11-02T09:08:03","date_gmt":"2024-11-02T12:08:03","guid":{"rendered":"https:\/\/www.notibras.com\/site\/?p=339950"},"modified":"2024-11-02T09:08:03","modified_gmt":"2024-11-02T12:08:03","slug":"seca-reduz-vazao-e-deixa-economia-e-povo-nordestinos-a-ver-navios","status":"publish","type":"post","link":"https:\/\/www.notibras.com\/site\/seca-reduz-vazao-e-deixa-economia-e-povo-nordestinos-a-ver-navios\/","title":{"rendered":"Seca reduz vaz\u00e3o e deixa economia e povo nordestinos a ver navios"},"content":{"rendered":"<p>A seca severa no Rio S\u00e3o Francisco est\u00e1 provocando uma redu\u00e7\u00e3o significativa na vaz\u00e3o de suas \u00e1guas, afetando tanto a economia quanto a vida das comunidades ao longo do rio, que abrange v\u00e1rios estados do Nordeste. Com o n\u00edvel das \u00e1guas mais baixo, diversos setores est\u00e3o sendo prejudicados, principalmente a agricultura.<\/p>\n<p>O &#8216;Velho Chico&#8217; \u00e9 crucial para a transpar\u00eancia das planta\u00e7\u00f5es em regi\u00f5es como o Vale do S\u00e3o Francisco, onde s\u00e3o cultivadas frutas como uva, manga, e outros produtos agr\u00edcolas de exporta\u00e7\u00e3o. Com a redu\u00e7\u00e3o na vaz\u00e3o, o volume de \u00e1gua dispon\u00edvel para controle \u00e9 limitado, prejudicando a produtividade e aumentando os custos para os agricultores. Al\u00e9m disso, a falta de \u00e1gua impacta o abastecimento de grandes \u00e1reas irrigadas.<\/p>\n<p>Al\u00e9m do setor agr\u00edcola, a produ\u00e7\u00e3o de energia nas hidrel\u00e9tricas ao longo do rio tamb\u00e9m \u00e9 gravemente afetada. O baixo n\u00edvel das \u00e1guas reduz a capacidade das usinas de gerar energia, aumentando a necessidade de recorrer a fontes alternativas, como as termel\u00e9tricas, que s\u00e3o mais caras e econ\u00f4micas para o aumento do custo da energia no pa\u00eds.<\/p>\n<p><strong>Contras<\/strong><br \/>\nA popula\u00e7\u00e3o que depende diretamente do rio para abastecimento de \u00e1gua pot\u00e1vel tamb\u00e9m sofre com a seca. Cidades e comunidades ribeirinhas enfrentam dificuldades de acesso \u00e0 \u00e1gua para consumo e uso dom\u00e9stico, agravando problemas de sa\u00fade e qualidade de vida. A seca prolongada aumenta o risco de racionamento, o que implica em um cen\u00e1rio de vulnerabilidade para milhares de pessoas.<\/p>\n<p>Al\u00e9m disso, a seca impacta a pesca, atividade fundamental para a subsist\u00eancia de muitas fam\u00edlias ao longo do rio. A redu\u00e7\u00e3o da vaz\u00e3o e do n\u00edvel do rio altera o ecossistema, afetando a reprodu\u00e7\u00e3o e a quantidade de peixes, o que reduz a renda das fam\u00edlias que dependem da pesca para sobreviver.<\/p>\n<p><strong>Medidas<\/strong><br \/>\nO governo e os \u00f3rg\u00e3os respons\u00e1veis \u200b\u200best\u00e3o tentando adotar medidas emergenciais para contornar os efeitos da seca, como o controle da vaz\u00e3o de barragens e a implementa\u00e7\u00e3o de projetos de transposi\u00e7\u00e3o e dessaliniza\u00e7\u00e3o. Contudo, a seca no S\u00e3o Francisco destaca a necessidade urgente de pol\u00edticas de gest\u00e3o de \u00e1gua mais sustent\u00e1veis \u200b\u200be de investimentos.<\/p>\n<p>A situa\u00e7\u00e3o cr\u00edtica do Rio S\u00e3o Francisco reflete os desafios da regi\u00e3o Nordeste, que, al\u00e9m de lidar com a seca, sofre com as mudan\u00e7as clim\u00e1ticas e a falta de infraestrutura h\u00eddrica adequada para enfrent\u00e1-lo.<\/p>\n","protected":false},"excerpt":{"rendered":"<p>A seca severa no Rio S\u00e3o Francisco est\u00e1 provocando uma redu\u00e7\u00e3o significativa na vaz\u00e3o de suas \u00e1guas, afetando tanto a economia quanto a vida das comunidades ao longo do rio, que abrange v\u00e1rios estados do Nordeste. Com o n\u00edvel das \u00e1guas mais baixo, diversos setores est\u00e3o sendo prejudicados, principalmente a agricultura. O &#8216;Velho Chico&#8217; \u00e9 [&hellip;]<\/p>\n","protected":false},"author":2,"featured_media":258424,"comment_status":"closed","ping_status":"closed","sticky":false,"template":"","format":"standard","meta":{"_acf_changed":false,"footnotes":""},"categories":[165],"tags":[],"class_list":["post-339950","post","type-post","status-publish","format-standard","has-post-thumbnail","hentry","category-nordeste"],"acf":[],"_links":{"self":[{"href":"https:\/\/www.notibras.com\/site\/wp-json\/wp\/v2\/posts\/339950","targetHints":{"allow":["GET"]}}],"collection":[{"href":"https:\/\/www.notibras.com\/site\/wp-json\/wp\/v2\/posts"}],"about":[{"href":"https:\/\/www.notibras.com\/site\/wp-json\/wp\/v2\/types\/post"}],"author":[{"embeddable":true,"href":"https:\/\/www.notibras.com\/site\/wp-json\/wp\/v2\/users\/2"}],"replies":[{"embeddable":true,"href":"https:\/\/www.notibras.com\/site\/wp-json\/wp\/v2\/comments?post=339950"}],"version-history":[{"count":1,"href":"https:\/\/www.notibras.com\/site\/wp-json\/wp\/v2\/posts\/339950\/revisions"}],"predecessor-version":[{"id":339951,"href":"https:\/\/www.notibras.com\/site\/wp-json\/wp\/v2\/posts\/339950\/revisions\/339951"}],"wp:featuredmedia":[{"embeddable":true,"href":"https:\/\/www.notibras.com\/site\/wp-json\/wp\/v2\/media\/258424"}],"wp:attachment":[{"href":"https:\/\/www.notibras.com\/site\/wp-json\/wp\/v2\/media?parent=339950"}],"wp:term":[{"taxonomy":"category","embeddable":true,"href":"https:\/\/www.notibras.com\/site\/wp-json\/wp\/v2\/categories?post=339950"},{"taxonomy":"post_tag","embeddable":true,"href":"https:\/\/www.notibras.com\/site\/wp-json\/wp\/v2\/tags?post=339950"}],"curies":[{"name":"wp","href":"https:\/\/api.w.org\/{rel}","templated":true}]}}