{"id":339954,"date":"2024-11-02T09:41:13","date_gmt":"2024-11-02T12:41:13","guid":{"rendered":"https:\/\/www.notibras.com\/site\/?p=339954"},"modified":"2024-11-02T10:15:43","modified_gmt":"2024-11-02T13:15:43","slug":"viagem-no-tempo-com-wenceslau-vai-de-elvis-a-japao-campeao","status":"publish","type":"post","link":"https:\/\/www.notibras.com\/site\/viagem-no-tempo-com-wenceslau-vai-de-elvis-a-japao-campeao\/","title":{"rendered":"Viagem no tempo com Wenceslau vai de Elvis a Jap\u00e3o campe\u00e3o"},"content":{"rendered":"<p>Pois \u00e9, enquanto pairam d\u00favidas se o Brasil vai ou n\u00e3o para a pr\u00f3xima Copa, eis que o meu companheiro de <strong>Notibras<\/strong>, o impag\u00e1vel Wenceslau Ara\u00fajo, h\u00e1 alguns dias, me veio com essa:<\/p>\n<p>\u2014 Edu, creio que o Jap\u00e3o ser\u00e1 uma pedreira na pr\u00f3xima Copa do Mundo.<\/p>\n<p>\u2014 O Jap\u00e3o?<\/p>\n<p>\u2014 Pois \u00e9, o Jap\u00e3o. Tudo por conta da passagem do Zico por l\u00e1.<\/p>\n<p>Creio que o Wenceslau e eu, que somos quase da mesma gera\u00e7\u00e3o, caso n\u00e3o fosse por uma d\u00e9cada ou mais, nunca veremos o Jap\u00e3o ganhar uma Copa. Mas o que ele me disse me reportou ao meu tempo de menino, quando o Zico ainda corria pelos gramados do Maracan\u00e3. \u00c9 que eu, l\u00e1 pelos idos de 1977, acreditava piamente que ele e o Roberto Carlos fossem a mesma pessoa.<\/p>\n<p>E antes que algu\u00e9m diga que sou um louco, fa\u00e7o quest\u00e3o de lembr\u00e1-lo de que, naquele tempo, eu estava com 10 anos, e as imagens da televis\u00e3o n\u00e3o eram t\u00e3o n\u00edtidas como s\u00e3o hoje. Mas eis que a minha esposa, a famosa Dona Irene, passou agora aqui e deu aquela esticada de pesco\u00e7o sobre meu texto.<\/p>\n<p>\u2014 O Wenceslau bebeu? Que man\u00e9 Jap\u00e3o vai ser pedreira o qu\u00ea? E que hist\u00f3ria \u00e9 essa do Zico ser o Roberto Carlos? Melhor apagar isso, Edu, antes que algu\u00e9m diga que voc\u00ea endoidou de vez.<\/p>\n<p>\u2014 Amorzinho, acho que a Malulinha est\u00e1 te chamando.<\/p>\n<p>\u2014 Edu, voc\u00ea sabe muito bem que a Malulinha est\u00e1 na creche. Voc\u00ea a levou. Ali\u00e1s, voc\u00ea est\u00e1 bem?<\/p>\n<p>\u2014 T\u00f4.<\/p>\n<p>\u2014 Hum, voc\u00ea pode comprar um xarope pra mim? A minha garganta est\u00e1 arranhando.<\/p>\n<p>Vida de escritor n\u00e3o \u00e9 f\u00e1cil. As pessoas pensam que os pensamentos s\u00e3o guardados em gavetas no c\u00e9rebro. Se forem, j\u00e1 perdi um monte no meio das pilhas de roupa. Seja como for, preciso ir \u00e0 farm\u00e1cia antes que a terceira guerra aconte\u00e7a justamente aqui no meu lar, doce lar.<\/p>\n<p>Finalmente de volta, preciso relembrar o que escrevi. O ano era 1977&#8230; Caramba, quanto tempo! Parece que essa \u00e9poca nem existiu! Se eu falar para as minhas filhas, elas v\u00e3o achar que estou ficando biruta, pois n\u00e3o ir\u00e3o acreditar que eu j\u00e1 tive 10 anos, isso em 1977. E que nessa \u00e9poca ningu\u00e9m imaginava que um dia os LPs se tornariam obsoletos, que a Gelato iria falir&#8230;<\/p>\n<p>Ainda me lembro das pessoas falando que um dia os Beatles iriam tocar juntos novamente. N\u00e3o, isso foi mais tarde, pois, nessa \u00e9poca, eu nem sabia o que eram, ou melhor, o que havia sido os Beatles. Ali\u00e1s, de m\u00fasica, eu s\u00f3 conhecia &#8220;O dia em que a Terra parou&#8221;, &#8220;Eu nasci h\u00e1 dez mil anos atr\u00e1s&#8221;, ambas do Raul Seixas, al\u00e9m de uma ou outra do Martinho da Vila, de quem meu pai era f\u00e3.<\/p>\n<p>Tamb\u00e9m tinha &#8220;Jailhouse rock&#8221;, que um cara se esgoelava na vitrola l\u00e1 de casa, e me causava arrepios. Depois fui saber o seu nome, mas isso tamb\u00e9m gerou mais uma confus\u00e3o na minha mente. \u00c9 que a minha m\u00e3e, ainda em 1977, teve o seguinte interl\u00fadio comigo.<\/p>\n<p>\u2014 Voc\u00ea viu?<\/p>\n<p>\u2014 O qu\u00ea?<\/p>\n<p>\u2014 O Elvis morreu.<\/p>\n<p>\u2014 Qual deles?<\/p>\n<p>\u2014 Como assim? U\u00e9, s\u00f3 existe um Elvis!<\/p>\n<p>\u2014 S\u00e9rio?<\/p>\n<p>\u2014 Voc\u00ea est\u00e1 bem?<\/p>\n<p>\u2014 Mas n\u00e3o s\u00e3o dois?<\/p>\n<p>\u2014 \u00d3bvio que n\u00e3o!<\/p>\n<p>\u2014 Pelo que sei, tem aquele dos filmes e aquele outro que usa roupa branca&#8230; O que tem o cabelo grande e aquelas coisas nas orelhas.<\/p>\n<p>\u2014 Costeletas!<\/p>\n<p>\u2014 Que nem as que a vov\u00f3 faz?<\/p>\n<p>\u2014 Sua av\u00f3 faz costelas!<\/p>\n<p>\u2014 Eu gosto.<\/p>\n<p>\u2014 De costeletas?<\/p>\n<p>\u2014 Das costelas da vov\u00f3.<\/p>\n<p>Por falar na minha av\u00f3, seus pais eram calabreses, que \u00e9 a regi\u00e3o do bico da It\u00e1lia. Por isso, l\u00e1 em casa, sempre torc\u00edamos para a sele\u00e7\u00e3o italiana quando o Brasil n\u00e3o estava em campo. Mas vov\u00f3 era apaixonada mesmo pelo Botafogo. At\u00e9 hoje pairam d\u00favidas por que me tornei botafoguense, se foi por influ\u00eancia dela ou, ent\u00e3o, pelo esp\u00edrito contestador.<\/p>\n<p>Como meu pai dizia, enquanto o Vasco \u00e9 o time do povo; o Fluminense, da elite; e o Flamengo, da massa; os rebeldes torcem pro Botafogo. Que seja assim, mesmo porque papai era um homem s\u00e1bio e entendia das coisas.<\/p>\n<p><strong>*Eduardo Mart\u00ednez \u00e9 autor do livro \u201c57 Contos e Cr\u00f4nicas por um Autor muito Velho\u201d.<\/strong><\/p>\n<p>Compre aqui\u00a0<span class=\"x19la9d6 x1fc57z9 x6ikm8r x10wlt62 x19co3pv x1g5zs5t xfibh0p xiy17q3 x1xsqp64 x1lkfr7t xexx8yu x4uap5 x18d9i69 xkhd6sd\"><span class=\"xrtxmta x1bhl96m\"><img decoding=\"async\" class=\"emoji\" role=\"img\" draggable=\"false\" src=\"https:\/\/s.w.org\/images\/core\/emoji\/14.0.0\/svg\/1f447-1f3ff.svg\" alt=\"&#x1f447;&#x1f3ff;\" \/><\/span><\/span><span class=\"x19la9d6 x1fc57z9 x6ikm8r x10wlt62 x19co3pv x1g5zs5t xfibh0p xiy17q3 x1xsqp64 x1lkfr7t xexx8yu x4uap5 x18d9i69 xkhd6sd\"><span class=\"xrtxmta x1bhl96m\"><img decoding=\"async\" class=\"emoji\" role=\"img\" draggable=\"false\" src=\"https:\/\/s.w.org\/images\/core\/emoji\/14.0.0\/svg\/1f447-1f3ff.svg\" alt=\"&#x1f447;&#x1f3ff;\" \/><\/span><\/span><span class=\"x19la9d6 x1fc57z9 x6ikm8r x10wlt62 x19co3pv x1g5zs5t xfibh0p xiy17q3 x1xsqp64 x1lkfr7t xexx8yu x4uap5 x18d9i69 xkhd6sd\"><span class=\"xrtxmta x1bhl96m\"><img decoding=\"async\" class=\"emoji\" role=\"img\" draggable=\"false\" src=\"https:\/\/s.w.org\/images\/core\/emoji\/14.0.0\/svg\/1f447-1f3ff.svg\" alt=\"&#x1f447;&#x1f3ff;\" \/><\/span><\/span><\/p>\n<p><a href=\"http:\/\/www.joanineditora.com.br\/57-contos-e-cronicas-por-um-autor-muito-velho\">http:\/\/www.joanineditora.com.br\/57-contos-e-cronicas-por-um-autor-muito-velho<\/a><\/p>\n","protected":false},"excerpt":{"rendered":"<p>Pois \u00e9, enquanto pairam d\u00favidas se o Brasil vai ou n\u00e3o para a pr\u00f3xima Copa, eis que o meu companheiro de Notibras, o impag\u00e1vel Wenceslau Ara\u00fajo, h\u00e1 alguns dias, me veio com essa: \u2014 Edu, creio que o Jap\u00e3o ser\u00e1 uma pedreira na pr\u00f3xima Copa do Mundo. \u2014 O Jap\u00e3o? \u2014 Pois \u00e9, o Jap\u00e3o. [&hellip;]<\/p>\n","protected":false},"author":2,"featured_media":339955,"comment_status":"closed","ping_status":"closed","sticky":false,"template":"","format":"standard","meta":{"_acf_changed":false,"footnotes":""},"categories":[161],"tags":[],"class_list":["post-339954","post","type-post","status-publish","format-standard","has-post-thumbnail","hentry","category-quadradinho-em-foco"],"acf":[],"_links":{"self":[{"href":"https:\/\/www.notibras.com\/site\/wp-json\/wp\/v2\/posts\/339954","targetHints":{"allow":["GET"]}}],"collection":[{"href":"https:\/\/www.notibras.com\/site\/wp-json\/wp\/v2\/posts"}],"about":[{"href":"https:\/\/www.notibras.com\/site\/wp-json\/wp\/v2\/types\/post"}],"author":[{"embeddable":true,"href":"https:\/\/www.notibras.com\/site\/wp-json\/wp\/v2\/users\/2"}],"replies":[{"embeddable":true,"href":"https:\/\/www.notibras.com\/site\/wp-json\/wp\/v2\/comments?post=339954"}],"version-history":[{"count":2,"href":"https:\/\/www.notibras.com\/site\/wp-json\/wp\/v2\/posts\/339954\/revisions"}],"predecessor-version":[{"id":339957,"href":"https:\/\/www.notibras.com\/site\/wp-json\/wp\/v2\/posts\/339954\/revisions\/339957"}],"wp:featuredmedia":[{"embeddable":true,"href":"https:\/\/www.notibras.com\/site\/wp-json\/wp\/v2\/media\/339955"}],"wp:attachment":[{"href":"https:\/\/www.notibras.com\/site\/wp-json\/wp\/v2\/media?parent=339954"}],"wp:term":[{"taxonomy":"category","embeddable":true,"href":"https:\/\/www.notibras.com\/site\/wp-json\/wp\/v2\/categories?post=339954"},{"taxonomy":"post_tag","embeddable":true,"href":"https:\/\/www.notibras.com\/site\/wp-json\/wp\/v2\/tags?post=339954"}],"curies":[{"name":"wp","href":"https:\/\/api.w.org\/{rel}","templated":true}]}}