{"id":339985,"date":"2024-11-02T18:53:25","date_gmt":"2024-11-02T21:53:25","guid":{"rendered":"https:\/\/www.notibras.com\/site\/?p=339985"},"modified":"2024-11-02T21:55:36","modified_gmt":"2024-11-03T00:55:36","slug":"leonardo-reune-aliados-na-disputa-pela-subsecao-de-aguas-claras","status":"publish","type":"post","link":"https:\/\/www.notibras.com\/site\/leonardo-reune-aliados-na-disputa-pela-subsecao-de-aguas-claras\/","title":{"rendered":"Leonardo re\u00fane aliados na disputa pela subse\u00e7\u00e3o de \u00c1guas Claras"},"content":{"rendered":"<p>O candidato \u00e0 presid\u00eancia da OAB subse\u00e7\u00e3o de \u00c1guas Claras, Leonardo Lopes, reuniu um expressivo grupo de advogados no evento de lan\u00e7amento oficial de sua chapa, consolidando-se como o nome forte para vencer a disputa. A ocasi\u00e3o foi marcada pelo entusiasmo e engajamento da comunidade jur\u00eddica local, ansiosa para conhecer as propostas e compromissos do candidato.<\/p>\n<p>A elei\u00e7\u00e3o, que ocorrer\u00e1 virtualmente no pr\u00f3ximo 17, ser\u00e1 a primeira da subse\u00e7\u00e3o realizada online, ampliando o acesso dos eleitores e, de acordo com a campanha de Leonardo Lopes, facilitando a participa\u00e7\u00e3o dos advogados que, muitas vezes, n\u00e3o conseguem comparecer presencialmente \u00e0s urnas. &#8220;Queremos garantir uma subse\u00e7\u00e3o mais participativa, onde todos os advogados tenham voz e vez&#8221;, declarou o candidato em seu discurso, ressaltando o compromisso com a inova\u00e7\u00e3o e acessibilidade.<\/p>\n<p>Durante o evento, Leonardo Lopes destacou seu projeto voltado ao fortalecimento e valoriza\u00e7\u00e3o da advocacia em \u00c1guas Claras, com foco na defesa das prerrogativas profissionais e no apoio \u00e0 atua\u00e7\u00e3o das mulheres advogadas e jovens profissionais da \u00e1rea. Em um momento de sua fala, ele refor\u00e7ou a import\u00e2ncia de uma gest\u00e3o que busque constantemente a evolu\u00e7\u00e3o, afirmando que &#8220;a advocacia precisa ser din\u00e2mica e deve estar em cont\u00ednuo crescimento, sempre com aten\u00e7\u00e3o especial \u00e0s necessidades de quem est\u00e1 come\u00e7ando e \u00e0 inclus\u00e3o das advogadas.&#8221;<\/p>\n","protected":false},"excerpt":{"rendered":"<p>O candidato \u00e0 presid\u00eancia da OAB subse\u00e7\u00e3o de \u00c1guas Claras, Leonardo Lopes, reuniu um expressivo grupo de advogados no evento de lan\u00e7amento oficial de sua chapa, consolidando-se como o nome forte para vencer a disputa. A ocasi\u00e3o foi marcada pelo entusiasmo e engajamento da comunidade jur\u00eddica local, ansiosa para conhecer as propostas e compromissos do [&hellip;]<\/p>\n","protected":false},"author":2,"featured_media":339986,"comment_status":"closed","ping_status":"closed","sticky":false,"template":"","format":"standard","meta":{"_acf_changed":false,"footnotes":""},"categories":[161],"tags":[],"class_list":["post-339985","post","type-post","status-publish","format-standard","has-post-thumbnail","hentry","category-quadradinho-em-foco"],"acf":[],"_links":{"self":[{"href":"https:\/\/www.notibras.com\/site\/wp-json\/wp\/v2\/posts\/339985","targetHints":{"allow":["GET"]}}],"collection":[{"href":"https:\/\/www.notibras.com\/site\/wp-json\/wp\/v2\/posts"}],"about":[{"href":"https:\/\/www.notibras.com\/site\/wp-json\/wp\/v2\/types\/post"}],"author":[{"embeddable":true,"href":"https:\/\/www.notibras.com\/site\/wp-json\/wp\/v2\/users\/2"}],"replies":[{"embeddable":true,"href":"https:\/\/www.notibras.com\/site\/wp-json\/wp\/v2\/comments?post=339985"}],"version-history":[{"count":1,"href":"https:\/\/www.notibras.com\/site\/wp-json\/wp\/v2\/posts\/339985\/revisions"}],"predecessor-version":[{"id":339987,"href":"https:\/\/www.notibras.com\/site\/wp-json\/wp\/v2\/posts\/339985\/revisions\/339987"}],"wp:featuredmedia":[{"embeddable":true,"href":"https:\/\/www.notibras.com\/site\/wp-json\/wp\/v2\/media\/339986"}],"wp:attachment":[{"href":"https:\/\/www.notibras.com\/site\/wp-json\/wp\/v2\/media?parent=339985"}],"wp:term":[{"taxonomy":"category","embeddable":true,"href":"https:\/\/www.notibras.com\/site\/wp-json\/wp\/v2\/categories?post=339985"},{"taxonomy":"post_tag","embeddable":true,"href":"https:\/\/www.notibras.com\/site\/wp-json\/wp\/v2\/tags?post=339985"}],"curies":[{"name":"wp","href":"https:\/\/api.w.org\/{rel}","templated":true}]}}