{"id":340036,"date":"2024-11-04T00:18:36","date_gmt":"2024-11-04T03:18:36","guid":{"rendered":"https:\/\/www.notibras.com\/site\/?p=340036"},"modified":"2024-11-03T23:38:08","modified_gmt":"2024-11-04T02:38:08","slug":"natal-vira-cenario-de-maior-exercicio-de-guerra-das-americas","status":"publish","type":"post","link":"https:\/\/www.notibras.com\/site\/natal-vira-cenario-de-maior-exercicio-de-guerra-das-americas\/","title":{"rendered":"Natal vira cen\u00e1rio de maior exerc\u00edcio de guerra das Am\u00e9ricas"},"content":{"rendered":"<p>A partir desta segunda, 4, Natal, no Rio Grande do Norte, se torna palco de um cen\u00e1rio de guerra fict\u00edcia como parte da maior manobra de guerra a\u00e9rea da Am\u00e9rica Latina, o exerc\u00edcio Cruzex (Cruzeiro do Sul). Com a participa\u00e7\u00e3o de aproximadamente 100 aeronaves e militares de oito pa\u00edses, incluindo o Brasil, Argentina, Chile, Col\u00f4mbia, Estados Unidos, Paraguai, Peru e Portugal (este como convidado especial), o evento \u00e9 um importante exerc\u00edcio militar de treinamento e coopera\u00e7\u00e3o.<\/p>\n<p>Entre as aeronaves em destaque, o Brasil utilizar\u00e1 pela primeira vez no exerc\u00edcio seus novos ca\u00e7as F-39 Gripen da For\u00e7a A\u00e9rea Brasileira, al\u00e9m dos modelos F-5M e AMX A-1, e o avi\u00e3o de transporte KC-390. Os Estados Unidos trazem seus ca\u00e7as F-15 e o avi\u00e3o de reabastecimento KC-46, enquanto o Chile participa com seus ca\u00e7as F-16.<\/p>\n<p>Al\u00e9m da simula\u00e7\u00e3o a\u00e9rea, militares de seis pa\u00edses v\u00e3o conduzir atividades de guerra cibern\u00e9tica e espacial, e outras oito na\u00e7\u00f5es enviaram observadores. Essa \u00e9 a nona edi\u00e7\u00e3o do Cruzex, sendo a \u00faltima realizada em 2018, e ocorre em um momento sens\u00edvel para a FAB, que recentemente sofreu a perda de duas aeronaves, incluindo um ca\u00e7a F-5.<\/p>\n<p>O exerc\u00edcio tamb\u00e9m coincide com tens\u00f5es diplom\u00e1ticas na regi\u00e3o, especialmente entre Brasil e Venezuela, agravadas pela disputa de fronteira da Venezuela pela regi\u00e3o de Essequibo, na Guiana, e a recente decis\u00e3o do Brasil de n\u00e3o reconhecer a vit\u00f3ria eleitoral de Nicol\u00e1s Maduro e de vetar a entrada da Venezuela nos Brics. Esses fatores aumentam a relev\u00e2ncia do Cruzex para o treinamento das For\u00e7as Armadas do Brasil e dos pa\u00edses aliados participantes.<\/p>\n","protected":false},"excerpt":{"rendered":"<p>A partir desta segunda, 4, Natal, no Rio Grande do Norte, se torna palco de um cen\u00e1rio de guerra fict\u00edcia como parte da maior manobra de guerra a\u00e9rea da Am\u00e9rica Latina, o exerc\u00edcio Cruzex (Cruzeiro do Sul). Com a participa\u00e7\u00e3o de aproximadamente 100 aeronaves e militares de oito pa\u00edses, incluindo o Brasil, Argentina, Chile, Col\u00f4mbia, [&hellip;]<\/p>\n","protected":false},"author":2,"featured_media":340037,"comment_status":"closed","ping_status":"closed","sticky":false,"template":"","format":"standard","meta":{"_acf_changed":false,"footnotes":""},"categories":[165],"tags":[95],"class_list":["post-340036","post","type-post","status-publish","format-standard","has-post-thumbnail","hentry","category-nordeste","tag-capa"],"acf":[],"_links":{"self":[{"href":"https:\/\/www.notibras.com\/site\/wp-json\/wp\/v2\/posts\/340036","targetHints":{"allow":["GET"]}}],"collection":[{"href":"https:\/\/www.notibras.com\/site\/wp-json\/wp\/v2\/posts"}],"about":[{"href":"https:\/\/www.notibras.com\/site\/wp-json\/wp\/v2\/types\/post"}],"author":[{"embeddable":true,"href":"https:\/\/www.notibras.com\/site\/wp-json\/wp\/v2\/users\/2"}],"replies":[{"embeddable":true,"href":"https:\/\/www.notibras.com\/site\/wp-json\/wp\/v2\/comments?post=340036"}],"version-history":[{"count":3,"href":"https:\/\/www.notibras.com\/site\/wp-json\/wp\/v2\/posts\/340036\/revisions"}],"predecessor-version":[{"id":340040,"href":"https:\/\/www.notibras.com\/site\/wp-json\/wp\/v2\/posts\/340036\/revisions\/340040"}],"wp:featuredmedia":[{"embeddable":true,"href":"https:\/\/www.notibras.com\/site\/wp-json\/wp\/v2\/media\/340037"}],"wp:attachment":[{"href":"https:\/\/www.notibras.com\/site\/wp-json\/wp\/v2\/media?parent=340036"}],"wp:term":[{"taxonomy":"category","embeddable":true,"href":"https:\/\/www.notibras.com\/site\/wp-json\/wp\/v2\/categories?post=340036"},{"taxonomy":"post_tag","embeddable":true,"href":"https:\/\/www.notibras.com\/site\/wp-json\/wp\/v2\/tags?post=340036"}],"curies":[{"name":"wp","href":"https:\/\/api.w.org\/{rel}","templated":true}]}}