{"id":340044,"date":"2024-11-03T20:59:59","date_gmt":"2024-11-03T23:59:59","guid":{"rendered":"https:\/\/www.notibras.com\/site\/?p=340044"},"modified":"2024-11-03T20:59:59","modified_gmt":"2024-11-03T23:59:59","slug":"sonho-de-poli-de-ser-o-numero-1-morre-com-racismo-x-misoginia","status":"publish","type":"post","link":"https:\/\/www.notibras.com\/site\/sonho-de-poli-de-ser-o-numero-1-morre-com-racismo-x-misoginia\/","title":{"rendered":"Sonho de Poli de ser o n\u00famero 1 morre com racismo x misoginia"},"content":{"rendered":"<p>Sem muitas chances de suceder D\u00e9lio Lins e Silva Jr na presid\u00eancia da seccional Bras\u00edlia da Ordem dos Advogados do Brasil, o candidato laranja Paulo Poli Maur\u00edcio parece ter utilizado sua \u00faltima carta na manga &#8211; quem viu, retratou como um zero \u00e0 esquerda &#8211; na tentativa de polarizar a disputa com o candidato do Grupo Azul Everardo Vev\u00e9 Gueiros. Atr\u00e1s nas pesquisas, Poli d\u00e1 a entender que sentiu o golpe. E acusou Vev\u00e9 da pr\u00e1tica de racismo.<\/p>\n<p>Everardo n\u00e3o calou-se. E atacou com firmeza, como quem mira e acerta a mosca no alvo: &#8220;Meu grupo \u00e9 plural; tem branco, negro, amarelo, homoafetivo&#8221;, afirmou, em v\u00eddeo postado nas redes sociais. Depois, enfatizando que levar\u00e1 o caso \u00e0 Justi\u00e7a (coisa que todo advogado entende), deixou uma quest\u00e3o no ar: Poli estaria em condi\u00e7\u00f5es de responder por casos de misoginia ou mesmo de agress\u00e3o sexual?<\/p>\n<p>Essa situa\u00e7\u00e3o reflete uma complexidade de tens\u00f5es e disputas de poder cada vez mais comuns em sociedades que est\u00e3o tentando consolidar princ\u00edpios de diversidade e inclus\u00e3o. Uma chapa plural, que aparentemente se estrutura para representar uma gama de identidades, incluindo brancos, negros, amarelos e pessoas LGBTQIA+, enfrentando acusa\u00e7\u00f5es de racismo, parece um paradoxo. Ao mesmo tempo, o acusador sendo suspeito de misoginia adiciona outra camada a esse embate, sugerindo que, mais do que uma discuss\u00e3o sobre valores, os advogados assistem a uma batalha onde diferentes quest\u00f5es de discrimina\u00e7\u00e3o se entrela\u00e7am, levantando d\u00favidas sobre inten\u00e7\u00f5es e integridade que n\u00e3o correspondem a um &#8216;c\u00e9u de brigadeiro&#8217;.<\/p>\n<p>A situa\u00e7\u00e3o ganhar\u00e1 contornos mais dram\u00e1ticos se realmente parar na Justi\u00e7a. Por um lado, a judicializa\u00e7\u00e3o pode ser vista como uma maneira de dar transpar\u00eancia ao caso e buscar uma decis\u00e3o imparcial; por outro, esse movimento tamb\u00e9m pode ser entendido como uma tentativa de minar a chapa advers\u00e1ria ou prolongar o desgaste p\u00fablico. \u00c9 um reflexo de um momento em que os temas de inclus\u00e3o e preconceito n\u00e3o est\u00e3o apenas nas pautas de pol\u00edticas p\u00fablicas, mas se infiltram nas esferas institucionais e nas batalhas pela lideran\u00e7a de organiza\u00e7\u00f5es de classe.<\/p>\n<p>No final das contas, essa disputa na OAB em que o grupo de D\u00e9lio Lins e Silva parece desejar perpetuar-se no poder, talvez revele mais sobre a luta por influ\u00eancia do que sobre uma verdadeira preocupa\u00e7\u00e3o com os valores de inclus\u00e3o e respeito.<\/p>\n<p>\u00c9 certo que a campanha eleitoral acaba de ganhar contornos acalorados e, lamentavelmente, envolveu ataques pessoais e acusa\u00e7\u00f5es graves. Duas das cinco chapas concorrentes t\u00eam feito den\u00fancias e acusa\u00e7\u00f5es que v\u00e3o al\u00e9m das quest\u00f5es pol\u00edticas e administrativas, gerando uma atmosfera de hostilidade. No caso de Everardo Gueiros, por\u00e9m, \u00e9 v\u00e1lido enfatizar que ele apenas reage a acusa\u00e7\u00f5es infundadas. \u00c9 aquela velha historia de que toda a\u00e7\u00e3o provoca uma rea\u00e7\u00e3o.<\/p>\n<p>Acusar uma chapa de racismo \u00e9 uma den\u00fancia muito s\u00e9ria, especialmente em uma entidade que representa a advocacia e, em tese, promove a igualdade e o combate a todas as formas de discrimina\u00e7\u00e3o. Contra o mesmo grupo acusador surgem acusa\u00e7\u00f5es de misoginia e suposta agress\u00e3o f\u00edsica. Esse quadro gera um impacto negativo na imagem da institui\u00e7\u00e3o e de quem a representa &#8211; no caso, a chapa laranja de Poli, apoiada pela atual diretoria.<\/p>\n<p>Esse tipo de conflito traz implica\u00e7\u00f5es significativas, pois n\u00e3o apenas polariza a comunidade de advogados, mas tamb\u00e9m levanta quest\u00f5es \u00e9ticas e de credibilidade. Para a OAB, como institui\u00e7\u00e3o, \u00e9 crucial que haja uma resolu\u00e7\u00e3o e que as campanhas voltem a se focar em propostas e planos para a classe, em vez de desviar para conflitos pessoais que minam o processo democr\u00e1tico da elei\u00e7\u00e3o.<\/p>\n<p>Jornalista n\u00e3o vota para cargos na OAB. \u00c9 informado e informa. Pelas informa\u00e7\u00f5es que chegam \u00e0 reda\u00e7\u00e3o de <strong>Notibras<\/strong>, o candidato laranja Poli, pelo v\u00eddeo intempestivo, estaria propenso a jogar a toalha. Tudo para evitar sentar-se no banco dos r\u00e9us, como um criminoso comum.<\/p>\n","protected":false},"excerpt":{"rendered":"<p>Sem muitas chances de suceder D\u00e9lio Lins e Silva Jr na presid\u00eancia da seccional Bras\u00edlia da Ordem dos Advogados do Brasil, o candidato laranja Paulo Poli Maur\u00edcio parece ter utilizado sua \u00faltima carta na manga &#8211; quem viu, retratou como um zero \u00e0 esquerda &#8211; na tentativa de polarizar a disputa com o candidato do [&hellip;]<\/p>\n","protected":false},"author":2,"featured_media":340045,"comment_status":"closed","ping_status":"closed","sticky":false,"template":"","format":"standard","meta":{"_acf_changed":false,"footnotes":""},"categories":[161],"tags":[],"class_list":["post-340044","post","type-post","status-publish","format-standard","has-post-thumbnail","hentry","category-quadradinho-em-foco"],"acf":[],"_links":{"self":[{"href":"https:\/\/www.notibras.com\/site\/wp-json\/wp\/v2\/posts\/340044","targetHints":{"allow":["GET"]}}],"collection":[{"href":"https:\/\/www.notibras.com\/site\/wp-json\/wp\/v2\/posts"}],"about":[{"href":"https:\/\/www.notibras.com\/site\/wp-json\/wp\/v2\/types\/post"}],"author":[{"embeddable":true,"href":"https:\/\/www.notibras.com\/site\/wp-json\/wp\/v2\/users\/2"}],"replies":[{"embeddable":true,"href":"https:\/\/www.notibras.com\/site\/wp-json\/wp\/v2\/comments?post=340044"}],"version-history":[{"count":1,"href":"https:\/\/www.notibras.com\/site\/wp-json\/wp\/v2\/posts\/340044\/revisions"}],"predecessor-version":[{"id":340046,"href":"https:\/\/www.notibras.com\/site\/wp-json\/wp\/v2\/posts\/340044\/revisions\/340046"}],"wp:featuredmedia":[{"embeddable":true,"href":"https:\/\/www.notibras.com\/site\/wp-json\/wp\/v2\/media\/340045"}],"wp:attachment":[{"href":"https:\/\/www.notibras.com\/site\/wp-json\/wp\/v2\/media?parent=340044"}],"wp:term":[{"taxonomy":"category","embeddable":true,"href":"https:\/\/www.notibras.com\/site\/wp-json\/wp\/v2\/categories?post=340044"},{"taxonomy":"post_tag","embeddable":true,"href":"https:\/\/www.notibras.com\/site\/wp-json\/wp\/v2\/tags?post=340044"}],"curies":[{"name":"wp","href":"https:\/\/api.w.org\/{rel}","templated":true}]}}