{"id":340068,"date":"2024-11-04T00:34:07","date_gmt":"2024-11-04T03:34:07","guid":{"rendered":"https:\/\/www.notibras.com\/site\/?p=340068"},"modified":"2024-11-04T00:12:12","modified_gmt":"2024-11-04T03:12:12","slug":"sogra-de-padre-prefeito-espanca-blogueiro-apos-denuncia-de-nepotismo","status":"publish","type":"post","link":"https:\/\/www.notibras.com\/site\/sogra-de-padre-prefeito-espanca-blogueiro-apos-denuncia-de-nepotismo\/","title":{"rendered":"Sogra de padre-prefeito espanca blogueiro ap\u00f3s den\u00fancia de nepotismo"},"content":{"rendered":"<p>A nomea\u00e7\u00e3o da sua esposa Viviane Facundes para o cargo de secret\u00e1ria de Obras e Servi\u00e7os P\u00fablicos de Gravat\u00e1, no agreste de Pernambuco, distante 95 quil\u00f4metros do Recife, acabou em caso de pol\u00edcia para a administra\u00e7\u00e3o do prefeito Padre Joselito (Avante). Depois que o Minist\u00e9rio P\u00fablico exigiu a demiss\u00e3o da primeira-dama, o caso foi parar no blog do radialista Marivan Melo, de quem a sogra do prefeito vingou-se com uma surra de barra de ferro.<\/p>\n<p>Quando o blogueiro chegava em casa, foi recebido por Mauric\u00e9ia Facundes, sua vizinha, a golpes de uma barra de ferro e uma corrente que trazia presa ao bra\u00e7o. A agress\u00e3o teria sido motivada pelas constantes den\u00fancias feitas em seu blog sobre casos de corrup\u00e7\u00e3o, pr\u00e1ticas de suborno e outras irregularidades na Prefeitura de Gravat\u00e1, culminando sobre o suposto caso de nepotismo com a nomea\u00e7\u00e3o da primeira-dama para titular da Secretaria de Obras e Servi\u00e7os P\u00fablicos.<\/p>\n<p>A sogra do prefeito agrediu Marivan quando ele estava estacionando o carro em frente \u00e0 pr\u00f3pria casa. De acordo com relato do blogueiro, ele foi atingido na cabe\u00e7a, nas costas e no bra\u00e7o com uma barra de ferro. Para se defender da agress\u00e3o, protegeu-se por tr\u00e1s do pr\u00f3prio carro e gravou a agress\u00e3o em v\u00eddeo divulgado em suas redes sociais.<\/p>\n<p><img loading=\"lazy\" decoding=\"async\" class=\"wp-image-340085 aligncenter\" src=\"https:\/\/www.notibras.com\/site\/wp-content\/uploads\/2024\/11\/d23c486c-5f45-4529-8508-56f88ddfd7e4-300x225.jpeg\" alt=\"\" width=\"485\" height=\"364\" srcset=\"https:\/\/www.notibras.com\/site\/wp-content\/uploads\/2024\/11\/d23c486c-5f45-4529-8508-56f88ddfd7e4-300x225.jpeg 300w, https:\/\/www.notibras.com\/site\/wp-content\/uploads\/2024\/11\/d23c486c-5f45-4529-8508-56f88ddfd7e4-1024x768.jpeg 1024w, https:\/\/www.notibras.com\/site\/wp-content\/uploads\/2024\/11\/d23c486c-5f45-4529-8508-56f88ddfd7e4-768x576.jpeg 768w, https:\/\/www.notibras.com\/site\/wp-content\/uploads\/2024\/11\/d23c486c-5f45-4529-8508-56f88ddfd7e4-1536x1152.jpeg 1536w, https:\/\/www.notibras.com\/site\/wp-content\/uploads\/2024\/11\/d23c486c-5f45-4529-8508-56f88ddfd7e4.jpeg 1600w\" sizes=\"auto, (max-width: 485px) 100vw, 485px\" \/><\/p>\n<p>\u201cO que me surpreendeu, e por isso digo que a coisa foi premeditada, foi que ela estava com uma barra de ferro na m\u00e3o e com uma corrente enrolada no ferro e na m\u00e3o para que o ferro n\u00e3o se soltasse. E ela dizia: \u2018eu vou te matar\u2019\u201d, relatou Marivan Melo ao Di\u00e1rio de Pernambuco no dia seguinte ao atentado.<\/p>\n<p>Al\u00e9m dos golpes com a barra de ferro, o blogueiro relatou que tamb\u00e9m foi atingido pelo carro da irm\u00e3 da primeira-dama, Michelle Facundes, que chegou no local pouco tempo depois das primeiras agress\u00f5es. O radialista tentou se proteger dentro de um mercadinho, mas antes foi atingido no rosto. Ele teve os \u00f3culos quebrados e sofreu ferimentos.<\/p>\n<p>Segundo Marivan, as agress\u00f5es foram motivadas ap\u00f3s uma den\u00fancia feita nas redes sociais dele sobre recomenda\u00e7\u00e3o dada pelo Minist\u00e9rio P\u00fablico de Pernambuco (MPPE) \u00e0 Prefeitura de Gravat\u00e1 para o afastamento da primeira-dama, Viviane Facundes, do comando da Secretaria de Obras e Servi\u00e7os P\u00fablicos, um dos mais cobi\u00e7ados cargos da administra\u00e7\u00e3o municipal.<\/p>\n<p>No dia 22 de outubro, o Promotor de Justi\u00e7a de Gravat\u00e1, Adriano Camargo Vieira, determinou ao prefeito Padre Joselito que no prazo m\u00e1ximo de dez dias exonerasse sua esposa &#8220;abstendo-se de nome\u00e1-la para outro cargo ou fun\u00e7\u00e3o p\u00fablica para o(a) qual n\u00e3o possua qualifica\u00e7\u00e3o t\u00e9cnica e experi\u00eancia&#8230;. com a finalidade de cessar ato lesivo \u00e0 Administra\u00e7\u00e3o P\u00fablica e ao er\u00e1rio\u201d. O prazo venceu no \u00faltimo s\u00e1bado, 1\u00ba, mas a exonera\u00e7\u00e3o n\u00e3o ocorreu at\u00e9 a publica\u00e7\u00e3o deste texto.<\/p>\n<p>Tanto o Padre Joselito, quanto sua sogra e sua esposa-secret\u00e1ria n\u00e3o se manifestaram sobre o epis\u00f3dio. A defesa das agressoras, m\u00e3e e filha, no entanto, disse que o blog de Marivan Melo pratica acusa\u00e7\u00f5es sem prova e \u00e9 uma \u201cusina de fake news\u201d. Sobre a agress\u00e3o, disse que como a primeira-dama goza de uma medida protetiva contra o blogueiro, a sogra reagiu diante da sua presen\u00e7a nas proximidades da sua resid\u00eancia.<\/p>\n<p><img loading=\"lazy\" decoding=\"async\" class=\"wp-image-340087 aligncenter\" src=\"https:\/\/www.notibras.com\/site\/wp-content\/uploads\/2024\/11\/b3f94163-d1aa-49ac-87ae-c90271ba8ef4-300x164.jpeg\" alt=\"\" width=\"499\" height=\"273\" srcset=\"https:\/\/www.notibras.com\/site\/wp-content\/uploads\/2024\/11\/b3f94163-d1aa-49ac-87ae-c90271ba8ef4-300x164.jpeg 300w, https:\/\/www.notibras.com\/site\/wp-content\/uploads\/2024\/11\/b3f94163-d1aa-49ac-87ae-c90271ba8ef4-1024x561.jpeg 1024w, https:\/\/www.notibras.com\/site\/wp-content\/uploads\/2024\/11\/b3f94163-d1aa-49ac-87ae-c90271ba8ef4-768x421.jpeg 768w, https:\/\/www.notibras.com\/site\/wp-content\/uploads\/2024\/11\/b3f94163-d1aa-49ac-87ae-c90271ba8ef4.jpeg 1366w\" sizes=\"auto, (max-width: 499px) 100vw, 499px\" \/><\/p>\n<p>Padre Joselito e Viviane Facundes s\u00e3o casados e t\u00eam tr\u00eas filhos: Maria Fernanda, Luiz Fernando e Maria Luiza. O casal se conheceu na igreja, quando Viviane queria ser freira. Ela come\u00e7ou a trabalhar na secretaria da par\u00f3quia e acabou se aproximando do padre, uma vez que ambos cantavam na igreja. Eles chegaram a namorar escondidos por um tempo, at\u00e9 assumir o relacionamento.<\/p>\n<p>Aos 63 anos, ele foi reeleito no \u00faltimo dia 6 de outubro com 63,4% dos votos v\u00e1lidos e em janeiro iniciar\u00e1 seu segundo mandato \u00e0 frente da prefeitura de Gravat\u00e1. Sua elei\u00e7\u00e3o, tendo por vice Jo\u00e3o Paulo (PSB), ocorreu com uma grande coliga\u00e7\u00e3o, formada pelos partidos PP, PSB, AVANTE, PDT, AGIR, PT, PCdoB e PV.<\/p>\n<p>Joselito \u00e9 o segundo padre a comandar a prefeitura de Gravat\u00e1. O primeiro foi o C\u00f4nego Paulo Cremildo Batista de Oliveira (1977\/1982), conhecido como Padre Cremildo. Antecessor de Padre Joselito na Par\u00f3quia de Sant&#8217;Ana, igreja matriz de Gravat\u00e1, Cremildo fez-se prefeito nos anos de chumbo, como candidato do antigo MDB combatendo os abusos da ditadura militar (1964-1985).<\/p>\n<p>Sua elei\u00e7\u00e3o foi no dia 15 de novembro de 1976, sobre o candidato da ARENA (Alian\u00e7a Renovadora Nacional), partido de sustenta\u00e7\u00e3o da ditadura. Apesar dos poucos recursos do munic\u00edpio, marcou sua administra\u00e7\u00e3o com obras importantes, como a constru\u00e7\u00e3o de escolas, especialmente na zona rural; de postos de sa\u00fade com atendimento odontol\u00f3gico; de cal\u00e7amento em v\u00e1rias ruas na zona urbana. Ainda construiu pontes, mesmo que um tanto rudes, facilitando o acesso dos moradores da zona rural; favoreceu a eletrifica\u00e7\u00e3o de algumas \u00e1reas na zona rural, construiu e reformou pra\u00e7as.<\/p>\n<p>At\u00e9 hoje em Gravat\u00e1 Padre Cremildo \u00e9 lembrado com rever\u00eancia, at\u00e9 mesmo por hist\u00f3ricos advers\u00e1rios pol\u00edticos, por ter realizado um governo irretoc\u00e1vel, do ponto de vista da moralidade, da \u00e9tica e do trato para com a coisa p\u00fablica. Ele contratou durante sua administra\u00e7\u00e3o um servi\u00e7o de som, atrav\u00e9s do qual fazia presta\u00e7\u00e3o de contas diariamente \u00e0 popula\u00e7\u00e3o sobre a receita e a despesa, quem nomeou, quem demitiu, enfim, de tudo o que ocorria na prefeitura.<\/p>\n","protected":false},"excerpt":{"rendered":"<p>A nomea\u00e7\u00e3o da sua esposa Viviane Facundes para o cargo de secret\u00e1ria de Obras e Servi\u00e7os P\u00fablicos de Gravat\u00e1, no agreste de Pernambuco, distante 95 quil\u00f4metros do Recife, acabou em caso de pol\u00edcia para a administra\u00e7\u00e3o do prefeito Padre Joselito (Avante). Depois que o Minist\u00e9rio P\u00fablico exigiu a demiss\u00e3o da primeira-dama, o caso foi parar [&hellip;]<\/p>\n","protected":false},"author":2,"featured_media":340069,"comment_status":"closed","ping_status":"closed","sticky":false,"template":"","format":"standard","meta":{"_acf_changed":false,"footnotes":""},"categories":[165],"tags":[95],"class_list":["post-340068","post","type-post","status-publish","format-standard","has-post-thumbnail","hentry","category-nordeste","tag-capa"],"acf":[],"_links":{"self":[{"href":"https:\/\/www.notibras.com\/site\/wp-json\/wp\/v2\/posts\/340068","targetHints":{"allow":["GET"]}}],"collection":[{"href":"https:\/\/www.notibras.com\/site\/wp-json\/wp\/v2\/posts"}],"about":[{"href":"https:\/\/www.notibras.com\/site\/wp-json\/wp\/v2\/types\/post"}],"author":[{"embeddable":true,"href":"https:\/\/www.notibras.com\/site\/wp-json\/wp\/v2\/users\/2"}],"replies":[{"embeddable":true,"href":"https:\/\/www.notibras.com\/site\/wp-json\/wp\/v2\/comments?post=340068"}],"version-history":[{"count":5,"href":"https:\/\/www.notibras.com\/site\/wp-json\/wp\/v2\/posts\/340068\/revisions"}],"predecessor-version":[{"id":340088,"href":"https:\/\/www.notibras.com\/site\/wp-json\/wp\/v2\/posts\/340068\/revisions\/340088"}],"wp:featuredmedia":[{"embeddable":true,"href":"https:\/\/www.notibras.com\/site\/wp-json\/wp\/v2\/media\/340069"}],"wp:attachment":[{"href":"https:\/\/www.notibras.com\/site\/wp-json\/wp\/v2\/media?parent=340068"}],"wp:term":[{"taxonomy":"category","embeddable":true,"href":"https:\/\/www.notibras.com\/site\/wp-json\/wp\/v2\/categories?post=340068"},{"taxonomy":"post_tag","embeddable":true,"href":"https:\/\/www.notibras.com\/site\/wp-json\/wp\/v2\/tags?post=340068"}],"curies":[{"name":"wp","href":"https:\/\/api.w.org\/{rel}","templated":true}]}}