{"id":340089,"date":"2024-11-04T00:26:28","date_gmt":"2024-11-04T03:26:28","guid":{"rendered":"https:\/\/www.notibras.com\/site\/?p=340089"},"modified":"2024-11-04T00:27:53","modified_gmt":"2024-11-04T03:27:53","slug":"fa-sustenido-de-berenice-vira-convite-de-casorio","status":"publish","type":"post","link":"https:\/\/www.notibras.com\/site\/fa-sustenido-de-berenice-vira-convite-de-casorio\/","title":{"rendered":"F\u00e1 sustenido de Berenice vira convite de cas\u00f3rio"},"content":{"rendered":"<p>Ad\u00e1gio Allegro, desde menino, fora diagnosticado com algo raro. N\u00e3o que fosse doen\u00e7a, por\u00e9m, ap\u00f3s alguns anos, passou a deixar a m\u00e3e col\u00e9rica. Acredite ou n\u00e3o, o moleque havia nascido com ouvido absoluto. Isso mesmo! Absoluto!<\/p>\n<p>Por conta de tal caracter\u00edstica, Ad\u00e1gio conseguia n\u00e3o somente distinguir todos os sons, mas tamb\u00e9m apontar, certeiro como as flechas imposs\u00edveis de Robin Hood, a nota musical. Todavia, n\u00e3o pense voc\u00ea que o menino falava apenas &#8220;d\u00f3&#8221;. N\u00e3o mesmo! Tacava logo &#8220;d\u00f3 menor sustenido!&#8221;<\/p>\n<p>De t\u00e3o afamado ficou, algu\u00e9m teve a providencial ideia de apelid\u00e1-lo de Diapas\u00e3o. A princ\u00edpio, Ad\u00e1gio ficou furioso e, dizem, s\u00f3 parou de berrar quando percebeu o som do pr\u00f3prio choro em si bemol menor. No final das contas, acabou gostando da alcunha, que percebeu ser sua sina.<\/p>\n<p>J\u00e1 aos 10 anos, Ad\u00e1gio havia se tornado m\u00fasico respeitado na banda do da quadra. Tocava de tudo, desde flauta at\u00e9 trombone, passando por trompete e clarinete. Clarinete, sim, senhor! O guri era um prod\u00edgio.<\/p>\n<p>Aos 12, n\u00e3o teve jeito de segurar o \u00edmpeto do pirralho. Queria porque queria ser o maestro. E quem seria besta em n\u00e3o acatar tal desejo? Afinal, Afonso, que h\u00e1 quase seis d\u00e9cadas comandava aquela trupe, estava sem for\u00e7as para manter a batuta firme. Resultado: aposentaram o velho.<\/p>\n<p>Nas m\u00e3os firmes de Ad\u00e1gio, a antes banda de quadra, agora havia se transformado em uma orquestra. A fama correu a cidade inteira, at\u00e9 que chegou aos ouvidos do administrador do Plano Piloto e, em seguida, aos do governador. Todos desejavam tirar uma casquinha da fama daquele prod\u00edgio. Diziam at\u00e9 que havia gente importante do exterior querendo lev\u00e1-lo embora.<\/p>\n<p>Pois foi justamente nesse tempo em que o governador, em conluio com o prefeito, pensou numa ideia quase infal\u00edvel para manter Ad\u00e1gio na regi\u00e3o. Uma namorada! Sim, isso mesmo! Isso porque, at\u00e9 onde se sabia, o rapaz, agora com 20 anos, estava solteiro. Solteiro e desimpedido.<\/p>\n<p>Os pol\u00edticos inventaram um concurso de beleza para, assim, escolher a futura namorada de Ad\u00e1gio. Obviamente, ningu\u00e9m sabia que aquele evento era para tal. Seja como for, houve centenas de inscri\u00e7\u00f5es, mesmo porque a premia\u00e7\u00e3o n\u00e3o era das piores e, al\u00e9m disso, a vencedora receberia um trof\u00e9u, sem contar a faixa de rainha da beleza.<\/p>\n<p>Para encurtar a hist\u00f3ria, o concurso aconteceu logo no m\u00eas seguinte. As finalistas, uma mais linda do que a outra, se esfor\u00e7aram al\u00e9m da conta. Entre loiras e morenas, ganhou a \u00fanica ruiva. J\u00e9ssyka! Uma belezura!<\/p>\n<p>Dois dias ap\u00f3s a coroa\u00e7\u00e3o, J\u00e9ssyka foi convidada para uma recep\u00e7\u00e3o no amplo sal\u00e3o da sede do governo. A mo\u00e7a, assim como todas as rainhas, foi ladeada por algumas damas de companhia, que foram escolhidas pelo governador, que, esperto que s\u00f3, mandou trazer as quatro \u00faltimas colocadas no concurso. Dessa forma, pensou, a beleza da rainha ficaria ainda mais evidente.<\/p>\n<p>Ad\u00e1gio tamb\u00e9m foi convidado para a festan\u00e7a. Ele, al\u00e9m de comandar a orquestra naquele evento, iria se sentar \u00e0 mesa com a rainha da beleza. Tudo arranjado, era quest\u00e3o de tempo para que os dois pombinhos se sentissem atra\u00eddos um pelo outro.<\/p>\n<p>Conversa vai, conversa vem, Ad\u00e1gio, sempre com os ouvidos atentos, parece n\u00e3o ter gostado da voz esgani\u00e7ada de J\u00e9ssyka. Ademais, a rainha da beleza tamb\u00e9m parecia ter outros interesses al\u00e9m de manipuladores de batutas. Dava at\u00e9 para ouvir os pensamentos do governador e do administrador regional, que, antes confiantes, agora carregavam s\u00f3 lam\u00farias.<\/p>\n<p>J\u00e9ssyka, cuja soberba lhe havia subido \u00e0 cabe\u00e7a, decidiu se levantar e ir embora. Aquela situa\u00e7\u00e3o era uma afronta para uma rainha. N\u00e3o uma rainha qualquer, diga-se de passagem. Rainha da beleza! Pois se levantou e, apenas com um olhar para as suas damas, disse para que todas a acompanhassem. E foi o que fizeram, mas ocorreu um incidente com a Berenice, justamente a \u00faltima colocada do concurso.<\/p>\n<p>Assim que a Berenice ergueu seu corpo ligeiramente roli\u00e7o, eis que se ouviu um som vindo do seu orif\u00edcio mais ao sul. Imediatamente, olhares repreendedores surgiram de todos os lados. A mo\u00e7a, sem ter onde enfiar o rosto de t\u00e3o envergonhada, foi salva por Ad\u00e1gio, que ficou encantado. Tanto \u00e9 que, ap\u00f3s seis meses de namoro, os dois ficaram noivos e, parece, v\u00e3o se casar no pr\u00f3ximo ano.<\/p>\n<p>Percebo que voc\u00ea ainda est\u00e1 aqui me lendo. Na certa, est\u00e1 curioso para saber como \u00e9 que o Ad\u00e1gio salvou a Berenice daquele imbr\u00f3glio. Pois bem, eis as palavras do gajo:<\/p>\n<p>\u2014 Nem mesmo um saxofone consegue fazer um f\u00e1 sustenido t\u00e3o bonito.<\/p>\n<p><strong>*Eduardo Mart\u00ednez \u00e9 autor do livro \u201c57 Contos e Cr\u00f4nicas por um Autor muito Velho\u201d.<\/strong><\/p>\n<p>Compre aqui\u00a0<span class=\"x19la9d6 x1fc57z9 x6ikm8r x10wlt62 x19co3pv x1g5zs5t xfibh0p xiy17q3 x1xsqp64 x1lkfr7t xexx8yu x4uap5 x18d9i69 xkhd6sd\"><span class=\"xrtxmta x1bhl96m\"><img decoding=\"async\" class=\"emoji\" role=\"img\" draggable=\"false\" src=\"https:\/\/s.w.org\/images\/core\/emoji\/14.0.0\/svg\/1f447-1f3ff.svg\" alt=\"&#x1f447;&#x1f3ff;\" \/><\/span><\/span><span class=\"x19la9d6 x1fc57z9 x6ikm8r x10wlt62 x19co3pv x1g5zs5t xfibh0p xiy17q3 x1xsqp64 x1lkfr7t xexx8yu x4uap5 x18d9i69 xkhd6sd\"><span class=\"xrtxmta x1bhl96m\"><img decoding=\"async\" class=\"emoji\" role=\"img\" draggable=\"false\" src=\"https:\/\/s.w.org\/images\/core\/emoji\/14.0.0\/svg\/1f447-1f3ff.svg\" alt=\"&#x1f447;&#x1f3ff;\" \/><\/span><\/span><span class=\"x19la9d6 x1fc57z9 x6ikm8r x10wlt62 x19co3pv x1g5zs5t xfibh0p xiy17q3 x1xsqp64 x1lkfr7t xexx8yu x4uap5 x18d9i69 xkhd6sd\"><span class=\"xrtxmta x1bhl96m\"><img decoding=\"async\" class=\"emoji\" role=\"img\" draggable=\"false\" src=\"https:\/\/s.w.org\/images\/core\/emoji\/14.0.0\/svg\/1f447-1f3ff.svg\" alt=\"&#x1f447;&#x1f3ff;\" \/><\/span><\/span><\/p>\n<p><a href=\"http:\/\/www.joanineditora.com.br\/57-contos-e-cronicas-por-um-autor-muito-velho\">http:\/\/www.joanineditora.com.br\/57-contos-e-cronicas-por-um-autor-muito-velho<\/a><\/p>\n","protected":false},"excerpt":{"rendered":"<p>Ad\u00e1gio Allegro, desde menino, fora diagnosticado com algo raro. N\u00e3o que fosse doen\u00e7a, por\u00e9m, ap\u00f3s alguns anos, passou a deixar a m\u00e3e col\u00e9rica. Acredite ou n\u00e3o, o moleque havia nascido com ouvido absoluto. Isso mesmo! Absoluto! Por conta de tal caracter\u00edstica, Ad\u00e1gio conseguia n\u00e3o somente distinguir todos os sons, mas tamb\u00e9m apontar, certeiro como as [&hellip;]<\/p>\n","protected":false},"author":2,"featured_media":340090,"comment_status":"closed","ping_status":"closed","sticky":false,"template":"","format":"standard","meta":{"_acf_changed":false,"footnotes":""},"categories":[161],"tags":[],"class_list":["post-340089","post","type-post","status-publish","format-standard","has-post-thumbnail","hentry","category-quadradinho-em-foco"],"acf":[],"_links":{"self":[{"href":"https:\/\/www.notibras.com\/site\/wp-json\/wp\/v2\/posts\/340089","targetHints":{"allow":["GET"]}}],"collection":[{"href":"https:\/\/www.notibras.com\/site\/wp-json\/wp\/v2\/posts"}],"about":[{"href":"https:\/\/www.notibras.com\/site\/wp-json\/wp\/v2\/types\/post"}],"author":[{"embeddable":true,"href":"https:\/\/www.notibras.com\/site\/wp-json\/wp\/v2\/users\/2"}],"replies":[{"embeddable":true,"href":"https:\/\/www.notibras.com\/site\/wp-json\/wp\/v2\/comments?post=340089"}],"version-history":[{"count":2,"href":"https:\/\/www.notibras.com\/site\/wp-json\/wp\/v2\/posts\/340089\/revisions"}],"predecessor-version":[{"id":340092,"href":"https:\/\/www.notibras.com\/site\/wp-json\/wp\/v2\/posts\/340089\/revisions\/340092"}],"wp:featuredmedia":[{"embeddable":true,"href":"https:\/\/www.notibras.com\/site\/wp-json\/wp\/v2\/media\/340090"}],"wp:attachment":[{"href":"https:\/\/www.notibras.com\/site\/wp-json\/wp\/v2\/media?parent=340089"}],"wp:term":[{"taxonomy":"category","embeddable":true,"href":"https:\/\/www.notibras.com\/site\/wp-json\/wp\/v2\/categories?post=340089"},{"taxonomy":"post_tag","embeddable":true,"href":"https:\/\/www.notibras.com\/site\/wp-json\/wp\/v2\/tags?post=340089"}],"curies":[{"name":"wp","href":"https:\/\/api.w.org\/{rel}","templated":true}]}}