{"id":34011,"date":"2015-01-14T13:41:52","date_gmt":"2015-01-14T16:41:52","guid":{"rendered":"http:\/\/www.notibras.com\/site\/?p=34011"},"modified":"2015-01-14T18:26:18","modified_gmt":"2015-01-14T21:26:18","slug":"sao-paulo-sente-efeitos-do-cantareira-vazio-e-racionamento-de-agua-e-visivel","status":"publish","type":"post","link":"https:\/\/www.notibras.com\/site\/sao-paulo-sente-efeitos-do-cantareira-vazio-e-racionamento-de-agua-e-visivel\/","title":{"rendered":"S\u00e3o Paulo sofre. Cantareira seca e j\u00e1 h\u00e1 o racionamento"},"content":{"rendered":"<p class=\"text\">O governador de S\u00e3o Paulo, Geraldo Alckmin, admitiu nesta quarta-feira (14), pela primeira vez, que o Estado enfrenta racionamento de \u00e1gua. Informou que, por isso, recorrer\u00e1 da decis\u00e3o judicial que suspende a cobran\u00e7a de multa para quem consumir mais \u00e1gua.<\/p>\n<p class=\"text\">\u201cO racionamento j\u00e1 existe. Quando a Ag\u00eancia Nacional de \u00c1guas (ANA) determina que tem de reduzir a vaz\u00e3o do Cantareira de 33 metros c\u00fabicos por segundo (m3\/s) para 17 m3\/s, \u00e9 \u00f3bvio que j\u00e1 est\u00e1 em restri\u00e7\u00e3o. Ent\u00e3o a medida (de sobretaxar a tarifa de \u00e1gua)\u00a0tem legalidade\u201d, declarou.<\/p>\n<p>Na ter\u00e7a-feira (13), a ju\u00edza Simone Viegas de Moraes Leme deferiu parcialmente o pedido de liminar da Associa\u00e7\u00e3o Brasileira de Defesa do Consumidor (Proteste) contra multa implantada pela Companhia de Saneamento B\u00e1sico do Estado de S\u00e3o Paulo (Sabesp), em vigor desde a \u00faltima quinta-feira (8).<\/p>\n<p>A multa foi suspensa at\u00e9 que o governo do Estado cumpra o que est\u00e1 previsto no Artigo 46 da Lei Federal 11.445, de 2007. A lei determina que, antes de aplicar multa aos consumidores, o governo tem de decretar oficialmente o racionamento de \u00e1gua.<\/p>\n<p>Alckmin questiona a necessidade de um decreto oficial para ado\u00e7\u00e3o da sobretaxa. \u201cN\u00e3o tem de ter decreto. Isto (o racionamento) est\u00e1 mais do que explicitado\u201d, ressaltou.<\/p>\n<p>Segundo o governador, antes de ser implementada a medida foi estudada pela Procuradoria-Geral do Estado e est\u00e1 amparada legalmente. \u201c\u00c9 uma quest\u00e3o de justi\u00e7a, porque visa ao bem comum e \u00e9 necess\u00e1ria, em raz\u00e3o da quest\u00e3o clim\u00e1tica\u201d, complementou.<\/p>\n<blockquote><p>Sobre o tempo que o Estado est\u00e1 em racionamento, o governador disse que a restri\u00e7\u00e3o da ANA ocorre desde a metade do ano passado. Ele disse, ainda, que o termo racionamento se refere ao fato de que h\u00e1 restri\u00e7\u00e3o h\u00eddrica, mas negou que haja falta de \u00e1gua nas torneiras.<\/p><\/blockquote>\n<p>\u201cN\u00e3o tem racionamento no sentido de fechar o sistema e abrir amanh\u00e3. N\u00e3o tem e nem deve ter. Agora, restri\u00e7\u00e3o h\u00eddrica claro que tem\u201d, concluiu.<\/p>\n<p>Em entrevista ao jornal SPTV o novo presidente da Sabesp, o professor Jerson Kelman buscou explicar o discurso de Alckmin. Segundo ele, o governador n\u00e3o assumiu o racionamento como uma medida estadual porque h\u00e1 uma grande porcentagem de paulistas que n\u00e3o est\u00e3o sofrendo com a crise da \u00e1gua, embora estejam usando o recurso com consci\u00eancia e economizando. O racionamento, portanto, n\u00e3o estaria acontecendo no Estado de S\u00e3o Paulo, e sim em algumas regi\u00f5es espec\u00edficas.<\/p>\n<p>&#8220;Uma pessoa que est\u00e1 sem \u00e1gua h\u00e1 diversas horas, \u00e9 evidente que esta pessoa est\u00e1 em racionamento. Isso \u00e9 \u00f3bvio. Agora, n\u00e3o \u00e9 uma situa\u00e7\u00e3o sist\u00eamica, de racionamento em toda a regi\u00e3o metropolitana&#8221;, explicou.<\/p>\n","protected":false},"excerpt":{"rendered":"<p>O governador de S\u00e3o Paulo, Geraldo Alckmin, admitiu nesta quarta-feira (14), pela primeira vez, que o Estado enfrenta racionamento de \u00e1gua. Informou que, por isso, recorrer\u00e1 da decis\u00e3o judicial que suspende a cobran\u00e7a de multa para quem consumir mais \u00e1gua. \u201cO racionamento j\u00e1 existe. Quando a Ag\u00eancia Nacional de \u00c1guas (ANA) determina que tem de [&hellip;]<\/p>\n","protected":false},"author":2,"featured_media":34012,"comment_status":"open","ping_status":"closed","sticky":false,"template":"","format":"standard","meta":{"_acf_changed":false,"footnotes":""},"categories":[16],"tags":[],"class_list":["post-34011","post","type-post","status-publish","format-standard","has-post-thumbnail","hentry","category-brasil"],"acf":[],"yoast_head":"<!-- This site is optimized with the Yoast SEO plugin v27.2 - https:\/\/yoast.com\/product\/yoast-seo-wordpress\/ -->\n<title>S\u00e3o Paulo sofre. Cantareira seca e j\u00e1 h\u00e1 o racionamento - Notibras<\/title>\n<meta name=\"robots\" content=\"index, follow, max-snippet:-1, max-image-preview:large, max-video-preview:-1\" \/>\n<link rel=\"canonical\" href=\"https:\/\/www.notibras.com\/site\/sao-paulo-sente-efeitos-do-cantareira-vazio-e-racionamento-de-agua-e-visivel\/\" \/>\n<meta property=\"og:locale\" content=\"pt_BR\" \/>\n<meta property=\"og:type\" content=\"article\" \/>\n<meta property=\"og:title\" content=\"S\u00e3o Paulo sofre. Cantareira seca e j\u00e1 h\u00e1 o racionamento - Notibras\" \/>\n<meta property=\"og:description\" content=\"O governador de S\u00e3o Paulo, Geraldo Alckmin, admitiu nesta quarta-feira (14), pela primeira vez, que o Estado enfrenta racionamento de \u00e1gua. Informou que, por isso, recorrer\u00e1 da decis\u00e3o judicial que suspende a cobran\u00e7a de multa para quem consumir mais \u00e1gua. \u201cO racionamento j\u00e1 existe. Quando a Ag\u00eancia Nacional de \u00c1guas (ANA) determina que tem de [&hellip;]\" \/>\n<meta property=\"og:url\" content=\"https:\/\/www.notibras.com\/site\/sao-paulo-sente-efeitos-do-cantareira-vazio-e-racionamento-de-agua-e-visivel\/\" \/>\n<meta property=\"og:site_name\" content=\"Notibras\" \/>\n<meta property=\"article:publisher\" content=\"https:\/\/www.facebook.com\/notibras\/\" \/>\n<meta property=\"article:published_time\" content=\"2015-01-14T16:41:52+00:00\" \/>\n<meta property=\"article:modified_time\" content=\"2015-01-14T21:26:18+00:00\" \/>\n<meta property=\"og:image\" content=\"https:\/\/www.notibras.com\/site\/wp-content\/uploads\/2015\/01\/can.jpeg\" \/>\n\t<meta property=\"og:image:width\" content=\"275\" \/>\n\t<meta property=\"og:image:height\" content=\"184\" \/>\n\t<meta property=\"og:image:type\" content=\"image\/jpeg\" \/>\n<meta name=\"author\" content=\"Reda\u00e7\u00e3o\" \/>\n<meta name=\"twitter:card\" content=\"summary_large_image\" \/>\n<meta name=\"twitter:creator\" content=\"@Notibras\" \/>\n<meta name=\"twitter:site\" content=\"@Notibras\" \/>\n<meta name=\"twitter:label1\" content=\"Escrito por\" \/>\n\t<meta name=\"twitter:data1\" content=\"Reda\u00e7\u00e3o\" \/>\n\t<meta name=\"twitter:label2\" content=\"Est. tempo de leitura\" \/>\n\t<meta name=\"twitter:data2\" content=\"2 minutos\" \/>\n<script type=\"application\/ld+json\" class=\"yoast-schema-graph\">{\"@context\":\"https:\/\/schema.org\",\"@graph\":[{\"@type\":\"Article\",\"@id\":\"https:\/\/www.notibras.com\/site\/sao-paulo-sente-efeitos-do-cantareira-vazio-e-racionamento-de-agua-e-visivel\/#article\",\"isPartOf\":{\"@id\":\"https:\/\/www.notibras.com\/site\/sao-paulo-sente-efeitos-do-cantareira-vazio-e-racionamento-de-agua-e-visivel\/\"},\"author\":{\"name\":\"Reda\u00e7\u00e3o\",\"@id\":\"https:\/\/www.notibras.com\/site\/#\/schema\/person\/36ab0979449956132d3e5b517ea76ac8\"},\"headline\":\"S\u00e3o Paulo sofre. Cantareira seca e j\u00e1 h\u00e1 o racionamento\",\"datePublished\":\"2015-01-14T16:41:52+00:00\",\"dateModified\":\"2015-01-14T21:26:18+00:00\",\"mainEntityOfPage\":{\"@id\":\"https:\/\/www.notibras.com\/site\/sao-paulo-sente-efeitos-do-cantareira-vazio-e-racionamento-de-agua-e-visivel\/\"},\"wordCount\":463,\"commentCount\":0,\"publisher\":{\"@id\":\"https:\/\/www.notibras.com\/site\/#organization\"},\"image\":{\"@id\":\"https:\/\/www.notibras.com\/site\/sao-paulo-sente-efeitos-do-cantareira-vazio-e-racionamento-de-agua-e-visivel\/#primaryimage\"},\"thumbnailUrl\":\"https:\/\/www.notibras.com\/site\/wp-content\/uploads\/2015\/01\/can.jpeg\",\"articleSection\":[\"Brasil\"],\"inLanguage\":\"pt-BR\",\"potentialAction\":[{\"@type\":\"CommentAction\",\"name\":\"Comment\",\"target\":[\"https:\/\/www.notibras.com\/site\/sao-paulo-sente-efeitos-do-cantareira-vazio-e-racionamento-de-agua-e-visivel\/#respond\"]}]},{\"@type\":\"WebPage\",\"@id\":\"https:\/\/www.notibras.com\/site\/sao-paulo-sente-efeitos-do-cantareira-vazio-e-racionamento-de-agua-e-visivel\/\",\"url\":\"https:\/\/www.notibras.com\/site\/sao-paulo-sente-efeitos-do-cantareira-vazio-e-racionamento-de-agua-e-visivel\/\",\"name\":\"S\u00e3o Paulo sofre. Cantareira seca e j\u00e1 h\u00e1 o racionamento - Notibras\",\"isPartOf\":{\"@id\":\"https:\/\/www.notibras.com\/site\/#website\"},\"primaryImageOfPage\":{\"@id\":\"https:\/\/www.notibras.com\/site\/sao-paulo-sente-efeitos-do-cantareira-vazio-e-racionamento-de-agua-e-visivel\/#primaryimage\"},\"image\":{\"@id\":\"https:\/\/www.notibras.com\/site\/sao-paulo-sente-efeitos-do-cantareira-vazio-e-racionamento-de-agua-e-visivel\/#primaryimage\"},\"thumbnailUrl\":\"https:\/\/www.notibras.com\/site\/wp-content\/uploads\/2015\/01\/can.jpeg\",\"datePublished\":\"2015-01-14T16:41:52+00:00\",\"dateModified\":\"2015-01-14T21:26:18+00:00\",\"breadcrumb\":{\"@id\":\"https:\/\/www.notibras.com\/site\/sao-paulo-sente-efeitos-do-cantareira-vazio-e-racionamento-de-agua-e-visivel\/#breadcrumb\"},\"inLanguage\":\"pt-BR\",\"potentialAction\":[{\"@type\":\"ReadAction\",\"target\":[\"https:\/\/www.notibras.com\/site\/sao-paulo-sente-efeitos-do-cantareira-vazio-e-racionamento-de-agua-e-visivel\/\"]}]},{\"@type\":\"ImageObject\",\"inLanguage\":\"pt-BR\",\"@id\":\"https:\/\/www.notibras.com\/site\/sao-paulo-sente-efeitos-do-cantareira-vazio-e-racionamento-de-agua-e-visivel\/#primaryimage\",\"url\":\"https:\/\/www.notibras.com\/site\/wp-content\/uploads\/2015\/01\/can.jpeg\",\"contentUrl\":\"https:\/\/www.notibras.com\/site\/wp-content\/uploads\/2015\/01\/can.jpeg\",\"width\":275,\"height\":184},{\"@type\":\"BreadcrumbList\",\"@id\":\"https:\/\/www.notibras.com\/site\/sao-paulo-sente-efeitos-do-cantareira-vazio-e-racionamento-de-agua-e-visivel\/#breadcrumb\",\"itemListElement\":[{\"@type\":\"ListItem\",\"position\":1,\"name\":\"In\u00edcio\",\"item\":\"https:\/\/www.notibras.com\/site\/\"},{\"@type\":\"ListItem\",\"position\":2,\"name\":\"S\u00e3o Paulo sofre. Cantareira seca e j\u00e1 h\u00e1 o racionamento\"}]},{\"@type\":\"WebSite\",\"@id\":\"https:\/\/www.notibras.com\/site\/#website\",\"url\":\"https:\/\/www.notibras.com\/site\/\",\"name\":\"Notibras\",\"description\":\"Not\u00edcias de Bras\u00edlia, do Brasil e do Mundo\",\"publisher\":{\"@id\":\"https:\/\/www.notibras.com\/site\/#organization\"},\"potentialAction\":[{\"@type\":\"SearchAction\",\"target\":{\"@type\":\"EntryPoint\",\"urlTemplate\":\"https:\/\/www.notibras.com\/site\/?s={search_term_string}\"},\"query-input\":{\"@type\":\"PropertyValueSpecification\",\"valueRequired\":true,\"valueName\":\"search_term_string\"}}],\"inLanguage\":\"pt-BR\"},{\"@type\":\"Organization\",\"@id\":\"https:\/\/www.notibras.com\/site\/#organization\",\"name\":\"Grupo Notibras de Comunica\u00e7\u00e3o\",\"url\":\"https:\/\/www.notibras.com\/site\/\",\"logo\":{\"@type\":\"ImageObject\",\"inLanguage\":\"pt-BR\",\"@id\":\"https:\/\/www.notibras.com\/site\/#\/schema\/logo\/image\/\",\"url\":\"https:\/\/www.notibras.com\/site\/wp-content\/uploads\/2023\/01\/notibras23.png\",\"contentUrl\":\"https:\/\/www.notibras.com\/site\/wp-content\/uploads\/2023\/01\/notibras23.png\",\"width\":350,\"height\":87,\"caption\":\"Grupo Notibras de Comunica\u00e7\u00e3o\"},\"image\":{\"@id\":\"https:\/\/www.notibras.com\/site\/#\/schema\/logo\/image\/\"},\"sameAs\":[\"https:\/\/www.facebook.com\/notibras\/\",\"https:\/\/x.com\/Notibras\",\"https:\/\/www.instagram.com\/notibras\/\"]},{\"@type\":\"Person\",\"@id\":\"https:\/\/www.notibras.com\/site\/#\/schema\/person\/36ab0979449956132d3e5b517ea76ac8\",\"name\":\"Reda\u00e7\u00e3o\",\"image\":{\"@type\":\"ImageObject\",\"inLanguage\":\"pt-BR\",\"@id\":\"https:\/\/secure.gravatar.com\/avatar\/e0a867bdedb85fd243eadf09663511f96fc81e0720a4a42581f334ad4303aa6b?s=96&d=mm&r=g\",\"url\":\"https:\/\/secure.gravatar.com\/avatar\/e0a867bdedb85fd243eadf09663511f96fc81e0720a4a42581f334ad4303aa6b?s=96&d=mm&r=g\",\"contentUrl\":\"https:\/\/secure.gravatar.com\/avatar\/e0a867bdedb85fd243eadf09663511f96fc81e0720a4a42581f334ad4303aa6b?s=96&d=mm&r=g\",\"caption\":\"Reda\u00e7\u00e3o\"}}]}<\/script>\n<!-- \/ Yoast SEO plugin. -->","yoast_head_json":{"title":"S\u00e3o Paulo sofre. Cantareira seca e j\u00e1 h\u00e1 o racionamento - Notibras","robots":{"index":"index","follow":"follow","max-snippet":"max-snippet:-1","max-image-preview":"max-image-preview:large","max-video-preview":"max-video-preview:-1"},"canonical":"https:\/\/www.notibras.com\/site\/sao-paulo-sente-efeitos-do-cantareira-vazio-e-racionamento-de-agua-e-visivel\/","og_locale":"pt_BR","og_type":"article","og_title":"S\u00e3o Paulo sofre. Cantareira seca e j\u00e1 h\u00e1 o racionamento - Notibras","og_description":"O governador de S\u00e3o Paulo, Geraldo Alckmin, admitiu nesta quarta-feira (14), pela primeira vez, que o Estado enfrenta racionamento de \u00e1gua. Informou que, por isso, recorrer\u00e1 da decis\u00e3o judicial que suspende a cobran\u00e7a de multa para quem consumir mais \u00e1gua. \u201cO racionamento j\u00e1 existe. Quando a Ag\u00eancia Nacional de \u00c1guas (ANA) determina que tem de [&hellip;]","og_url":"https:\/\/www.notibras.com\/site\/sao-paulo-sente-efeitos-do-cantareira-vazio-e-racionamento-de-agua-e-visivel\/","og_site_name":"Notibras","article_publisher":"https:\/\/www.facebook.com\/notibras\/","article_published_time":"2015-01-14T16:41:52+00:00","article_modified_time":"2015-01-14T21:26:18+00:00","og_image":[{"width":275,"height":184,"url":"https:\/\/www.notibras.com\/site\/wp-content\/uploads\/2015\/01\/can.jpeg","type":"image\/jpeg"}],"author":"Reda\u00e7\u00e3o","twitter_card":"summary_large_image","twitter_creator":"@Notibras","twitter_site":"@Notibras","twitter_misc":{"Escrito por":"Reda\u00e7\u00e3o","Est. tempo de leitura":"2 minutos"},"schema":{"@context":"https:\/\/schema.org","@graph":[{"@type":"Article","@id":"https:\/\/www.notibras.com\/site\/sao-paulo-sente-efeitos-do-cantareira-vazio-e-racionamento-de-agua-e-visivel\/#article","isPartOf":{"@id":"https:\/\/www.notibras.com\/site\/sao-paulo-sente-efeitos-do-cantareira-vazio-e-racionamento-de-agua-e-visivel\/"},"author":{"name":"Reda\u00e7\u00e3o","@id":"https:\/\/www.notibras.com\/site\/#\/schema\/person\/36ab0979449956132d3e5b517ea76ac8"},"headline":"S\u00e3o Paulo sofre. Cantareira seca e j\u00e1 h\u00e1 o racionamento","datePublished":"2015-01-14T16:41:52+00:00","dateModified":"2015-01-14T21:26:18+00:00","mainEntityOfPage":{"@id":"https:\/\/www.notibras.com\/site\/sao-paulo-sente-efeitos-do-cantareira-vazio-e-racionamento-de-agua-e-visivel\/"},"wordCount":463,"commentCount":0,"publisher":{"@id":"https:\/\/www.notibras.com\/site\/#organization"},"image":{"@id":"https:\/\/www.notibras.com\/site\/sao-paulo-sente-efeitos-do-cantareira-vazio-e-racionamento-de-agua-e-visivel\/#primaryimage"},"thumbnailUrl":"https:\/\/www.notibras.com\/site\/wp-content\/uploads\/2015\/01\/can.jpeg","articleSection":["Brasil"],"inLanguage":"pt-BR","potentialAction":[{"@type":"CommentAction","name":"Comment","target":["https:\/\/www.notibras.com\/site\/sao-paulo-sente-efeitos-do-cantareira-vazio-e-racionamento-de-agua-e-visivel\/#respond"]}]},{"@type":"WebPage","@id":"https:\/\/www.notibras.com\/site\/sao-paulo-sente-efeitos-do-cantareira-vazio-e-racionamento-de-agua-e-visivel\/","url":"https:\/\/www.notibras.com\/site\/sao-paulo-sente-efeitos-do-cantareira-vazio-e-racionamento-de-agua-e-visivel\/","name":"S\u00e3o Paulo sofre. Cantareira seca e j\u00e1 h\u00e1 o racionamento - Notibras","isPartOf":{"@id":"https:\/\/www.notibras.com\/site\/#website"},"primaryImageOfPage":{"@id":"https:\/\/www.notibras.com\/site\/sao-paulo-sente-efeitos-do-cantareira-vazio-e-racionamento-de-agua-e-visivel\/#primaryimage"},"image":{"@id":"https:\/\/www.notibras.com\/site\/sao-paulo-sente-efeitos-do-cantareira-vazio-e-racionamento-de-agua-e-visivel\/#primaryimage"},"thumbnailUrl":"https:\/\/www.notibras.com\/site\/wp-content\/uploads\/2015\/01\/can.jpeg","datePublished":"2015-01-14T16:41:52+00:00","dateModified":"2015-01-14T21:26:18+00:00","breadcrumb":{"@id":"https:\/\/www.notibras.com\/site\/sao-paulo-sente-efeitos-do-cantareira-vazio-e-racionamento-de-agua-e-visivel\/#breadcrumb"},"inLanguage":"pt-BR","potentialAction":[{"@type":"ReadAction","target":["https:\/\/www.notibras.com\/site\/sao-paulo-sente-efeitos-do-cantareira-vazio-e-racionamento-de-agua-e-visivel\/"]}]},{"@type":"ImageObject","inLanguage":"pt-BR","@id":"https:\/\/www.notibras.com\/site\/sao-paulo-sente-efeitos-do-cantareira-vazio-e-racionamento-de-agua-e-visivel\/#primaryimage","url":"https:\/\/www.notibras.com\/site\/wp-content\/uploads\/2015\/01\/can.jpeg","contentUrl":"https:\/\/www.notibras.com\/site\/wp-content\/uploads\/2015\/01\/can.jpeg","width":275,"height":184},{"@type":"BreadcrumbList","@id":"https:\/\/www.notibras.com\/site\/sao-paulo-sente-efeitos-do-cantareira-vazio-e-racionamento-de-agua-e-visivel\/#breadcrumb","itemListElement":[{"@type":"ListItem","position":1,"name":"In\u00edcio","item":"https:\/\/www.notibras.com\/site\/"},{"@type":"ListItem","position":2,"name":"S\u00e3o Paulo sofre. Cantareira seca e j\u00e1 h\u00e1 o racionamento"}]},{"@type":"WebSite","@id":"https:\/\/www.notibras.com\/site\/#website","url":"https:\/\/www.notibras.com\/site\/","name":"Notibras","description":"Not\u00edcias de Bras\u00edlia, do Brasil e do Mundo","publisher":{"@id":"https:\/\/www.notibras.com\/site\/#organization"},"potentialAction":[{"@type":"SearchAction","target":{"@type":"EntryPoint","urlTemplate":"https:\/\/www.notibras.com\/site\/?s={search_term_string}"},"query-input":{"@type":"PropertyValueSpecification","valueRequired":true,"valueName":"search_term_string"}}],"inLanguage":"pt-BR"},{"@type":"Organization","@id":"https:\/\/www.notibras.com\/site\/#organization","name":"Grupo Notibras de Comunica\u00e7\u00e3o","url":"https:\/\/www.notibras.com\/site\/","logo":{"@type":"ImageObject","inLanguage":"pt-BR","@id":"https:\/\/www.notibras.com\/site\/#\/schema\/logo\/image\/","url":"https:\/\/www.notibras.com\/site\/wp-content\/uploads\/2023\/01\/notibras23.png","contentUrl":"https:\/\/www.notibras.com\/site\/wp-content\/uploads\/2023\/01\/notibras23.png","width":350,"height":87,"caption":"Grupo Notibras de Comunica\u00e7\u00e3o"},"image":{"@id":"https:\/\/www.notibras.com\/site\/#\/schema\/logo\/image\/"},"sameAs":["https:\/\/www.facebook.com\/notibras\/","https:\/\/x.com\/Notibras","https:\/\/www.instagram.com\/notibras\/"]},{"@type":"Person","@id":"https:\/\/www.notibras.com\/site\/#\/schema\/person\/36ab0979449956132d3e5b517ea76ac8","name":"Reda\u00e7\u00e3o","image":{"@type":"ImageObject","inLanguage":"pt-BR","@id":"https:\/\/secure.gravatar.com\/avatar\/e0a867bdedb85fd243eadf09663511f96fc81e0720a4a42581f334ad4303aa6b?s=96&d=mm&r=g","url":"https:\/\/secure.gravatar.com\/avatar\/e0a867bdedb85fd243eadf09663511f96fc81e0720a4a42581f334ad4303aa6b?s=96&d=mm&r=g","contentUrl":"https:\/\/secure.gravatar.com\/avatar\/e0a867bdedb85fd243eadf09663511f96fc81e0720a4a42581f334ad4303aa6b?s=96&d=mm&r=g","caption":"Reda\u00e7\u00e3o"}}]}},"amp_enabled":true,"_links":{"self":[{"href":"https:\/\/www.notibras.com\/site\/wp-json\/wp\/v2\/posts\/34011","targetHints":{"allow":["GET"]}}],"collection":[{"href":"https:\/\/www.notibras.com\/site\/wp-json\/wp\/v2\/posts"}],"about":[{"href":"https:\/\/www.notibras.com\/site\/wp-json\/wp\/v2\/types\/post"}],"author":[{"embeddable":true,"href":"https:\/\/www.notibras.com\/site\/wp-json\/wp\/v2\/users\/2"}],"replies":[{"embeddable":true,"href":"https:\/\/www.notibras.com\/site\/wp-json\/wp\/v2\/comments?post=34011"}],"version-history":[{"count":0,"href":"https:\/\/www.notibras.com\/site\/wp-json\/wp\/v2\/posts\/34011\/revisions"}],"wp:featuredmedia":[{"embeddable":true,"href":"https:\/\/www.notibras.com\/site\/wp-json\/wp\/v2\/media\/34012"}],"wp:attachment":[{"href":"https:\/\/www.notibras.com\/site\/wp-json\/wp\/v2\/media?parent=34011"}],"wp:term":[{"taxonomy":"category","embeddable":true,"href":"https:\/\/www.notibras.com\/site\/wp-json\/wp\/v2\/categories?post=34011"},{"taxonomy":"post_tag","embeddable":true,"href":"https:\/\/www.notibras.com\/site\/wp-json\/wp\/v2\/tags?post=34011"}],"curies":[{"name":"wp","href":"https:\/\/api.w.org\/{rel}","templated":true}]}}