{"id":340153,"date":"2024-11-05T06:11:03","date_gmt":"2024-11-05T09:11:03","guid":{"rendered":"https:\/\/www.notibras.com\/site\/?p=340153"},"modified":"2024-11-05T06:43:04","modified_gmt":"2024-11-05T09:43:04","slug":"mulher-condenada-por-injuria-a-dino-e-ao-povo-do-maranhao","status":"publish","type":"post","link":"https:\/\/www.notibras.com\/site\/mulher-condenada-por-injuria-a-dino-e-ao-povo-do-maranhao\/","title":{"rendered":"Mulher condenada por inj\u00faria a Dino e ao povo do Maranh\u00e3o"},"content":{"rendered":"<p>A Justi\u00e7a condenou uma mulher por inj\u00faria racial contra dois seguran\u00e7as do ministro do Supremo Tribunal Federal (STF) Fl\u00e1vio Dino. A pena aplicada foi de um ano e cinco meses de pris\u00e3o, mas a condena\u00e7\u00e3o foi convertida em presta\u00e7\u00e3o de servi\u00e7os \u00e0 comunidade.<\/p>\n<p>Com a decis\u00e3o, Elis\u00e2ngela Rocha Pires de Jesus dever\u00e1 indenizar os seguran\u00e7as em R$ 5.680, al\u00e9m da presta\u00e7\u00e3o dos servi\u00e7os. O caso de inj\u00faria ocorreu no dia 29 de dezembro de 2022 em um shopping.<\/p>\n<p>De acordo com a acusa\u00e7\u00e3o feita pelo Minist\u00e9rio P\u00fablico, a mulher abordou o ministro no estabelecimento comercial e passou a cham\u00e1-lo de &#8220;ladr\u00e3o&#8221; e &#8220;vagabundo&#8221; e o acusou de &#8220;roubar o pa\u00eds&#8221;.<\/p>\n<p>Ao ser contida pelos policiais que faziam a seguran\u00e7a pessoal do ministro e receber voz de pris\u00e3o, a mulher chamou os profissionais de &#8220;macacos&#8221; e fez coment\u00e1rios preconceituosos ao se referir ao Maranh\u00e3o, estado natal do ministro e dos seguran\u00e7as.<\/p>\n<p>Na decis\u00e3o proferida no dia 30 de novembro, o juiz Marcos Francisco Batista reconheceu que houve crime nas ofensas praticadas pela acusada.<\/p>\n<p>&#8220;N\u00e3o h\u00e1 d\u00favida, pois, quanto \u00e0 pr\u00e1tica de inj\u00faria racial, em raz\u00e3o da proced\u00eancia nacional das v\u00edtimas, uma vez que a acusada utilizou express\u00f5es que, naquele contexto, notoriamente foram empregadas para ofender as v\u00edtimas, em n\u00edtida discrimina\u00e7\u00e3o em raz\u00e3o da origem delas&#8221;, afirmou o magistrado.<\/p>\n","protected":false},"excerpt":{"rendered":"<p>A Justi\u00e7a condenou uma mulher por inj\u00faria racial contra dois seguran\u00e7as do ministro do Supremo Tribunal Federal (STF) Fl\u00e1vio Dino. A pena aplicada foi de um ano e cinco meses de pris\u00e3o, mas a condena\u00e7\u00e3o foi convertida em presta\u00e7\u00e3o de servi\u00e7os \u00e0 comunidade. Com a decis\u00e3o, Elis\u00e2ngela Rocha Pires de Jesus dever\u00e1 indenizar os seguran\u00e7as [&hellip;]<\/p>\n","protected":false},"author":2,"featured_media":340154,"comment_status":"closed","ping_status":"closed","sticky":false,"template":"","format":"standard","meta":{"_acf_changed":false,"footnotes":""},"categories":[165],"tags":[],"class_list":["post-340153","post","type-post","status-publish","format-standard","has-post-thumbnail","hentry","category-nordeste"],"acf":[],"_links":{"self":[{"href":"https:\/\/www.notibras.com\/site\/wp-json\/wp\/v2\/posts\/340153","targetHints":{"allow":["GET"]}}],"collection":[{"href":"https:\/\/www.notibras.com\/site\/wp-json\/wp\/v2\/posts"}],"about":[{"href":"https:\/\/www.notibras.com\/site\/wp-json\/wp\/v2\/types\/post"}],"author":[{"embeddable":true,"href":"https:\/\/www.notibras.com\/site\/wp-json\/wp\/v2\/users\/2"}],"replies":[{"embeddable":true,"href":"https:\/\/www.notibras.com\/site\/wp-json\/wp\/v2\/comments?post=340153"}],"version-history":[{"count":1,"href":"https:\/\/www.notibras.com\/site\/wp-json\/wp\/v2\/posts\/340153\/revisions"}],"predecessor-version":[{"id":340155,"href":"https:\/\/www.notibras.com\/site\/wp-json\/wp\/v2\/posts\/340153\/revisions\/340155"}],"wp:featuredmedia":[{"embeddable":true,"href":"https:\/\/www.notibras.com\/site\/wp-json\/wp\/v2\/media\/340154"}],"wp:attachment":[{"href":"https:\/\/www.notibras.com\/site\/wp-json\/wp\/v2\/media?parent=340153"}],"wp:term":[{"taxonomy":"category","embeddable":true,"href":"https:\/\/www.notibras.com\/site\/wp-json\/wp\/v2\/categories?post=340153"},{"taxonomy":"post_tag","embeddable":true,"href":"https:\/\/www.notibras.com\/site\/wp-json\/wp\/v2\/tags?post=340153"}],"curies":[{"name":"wp","href":"https:\/\/api.w.org\/{rel}","templated":true}]}}