{"id":340156,"date":"2024-11-05T00:51:45","date_gmt":"2024-11-05T03:51:45","guid":{"rendered":"https:\/\/www.notibras.com\/site\/?p=340156"},"modified":"2024-11-05T06:54:08","modified_gmt":"2024-11-05T09:54:08","slug":"motoristas-fecham-centro-contra-obrigacao-de-proibir-surf-em-onibus","status":"publish","type":"post","link":"https:\/\/www.notibras.com\/site\/motoristas-fecham-centro-contra-obrigacao-de-proibir-surf-em-onibus\/","title":{"rendered":"Motoristas fecham centro contra obriga\u00e7\u00e3o de proibir surf em \u00f4nibus"},"content":{"rendered":"<p>Para tentar evitar que a governadora Raquel Lyra (PSDB) sancione o projeto de lei aprovado pela Assembleia Legislativa de Pernambuco que transfere aos motoristas de \u00f4nibus a responsabilidade de fiscalizar a pr\u00e1tica de surf sobre os ve\u00edculos, os rodovi\u00e1rios promoveram uma manifesta\u00e7\u00e3o que paralisou o centro do Recife, nesta segunda-feira (04\/11).<\/p>\n<p>Orientados pelo Sindicato dos Rodovi\u00e1rios do Recife e da Regi\u00e3o Metropolitana, os motoristas estacionaram os \u00f4nibus nas avenidas Guararapes e Conde da Boa Vista, na regi\u00e3o central da cidade, que ficou com o tr\u00e2nsito totalmente paralisado.<\/p>\n<p>Aprovado no \u00faltimo dia 30 de outubro, o PL 1366\/2023 \u00e9 de autoria do deputado estadual Pastor J\u00fanior T\u00e9rcio (PP). A proposta, que depende da san\u00e7\u00e3o da governadora para entrar em vigor em forma de lei, estabelece que, ao identificar algu\u00e9m praticando o surf em cima de um \u00f4nibus, o motorista deve parar o ve\u00edculo e determinar a descida dos infratores. E, caso n\u00e3o consiga, deve acionar a pol\u00edcia.<\/p>\n<p>Al\u00e9m disso, o projeto estabelece multas de at\u00e9 100 vezes o valor da passagem para os infratores, al\u00e9m de san\u00e7\u00f5es \u00e0s empresas que n\u00e3o observarem a lei.<\/p>\n<p>Os rodovi\u00e1rios, entretanto, entendem que o PL transfere a responsabilidade para os motoristas, j\u00e1 sobrecarregados com a dupla fun\u00e7\u00e3o, pois al\u00e9m de dirigirem os \u00f4nibus, os motoristas tamb\u00e9m atuam como cobrador, profiss\u00e3o extinta no Recife e praticamente em todo o estado de Pernambuco.<\/p>\n<p>Escalar o \u00f4nibus para chegar ao teto do coletivo e praticar o surf \u00e9 uma pr\u00e1tica antiga que tem crescido assustadoramente n\u00e3o s\u00f3 nos bairros da periferia do Recife, mas tamb\u00e9m nos principais corredores vi\u00e1rios da capital.<\/p>\n<p>Domingos e feriados s\u00e3o os dias certos para se ver diversos flagrantes do surf nos coletivos. A pr\u00e1tica de se pendurar nos ve\u00edculos \u00e9 di\u00e1ria. A brincadeira \u00e9 perigosa e n\u00e3o raro s\u00e3o registrados acidentes, com queda ou choque de surfistas contra postes e fia\u00e7\u00f5es, com registro de mortes.<\/p>\n<p>Os operadores de transporte alegam que o problema \u00e9 de seguran\u00e7a p\u00fablica e que n\u00e3o conseguem evitar. Dizem, ainda, que a maioria dos praticantes o fazem por divers\u00e3o, n\u00e3o por necessidade para n\u00e3o pagar a passagem. A informa\u00e7\u00e3o \u00e9 confirmada pelos rodovi\u00e1rios. E com os coletivos sem os cobradores, s\u00e3o os motoristas que lidam com o problema.<\/p>\n<p><strong>Nota do sindicato<\/strong><br \/>\n<em>\u201cNeste dia 04\/11\/2024 o Sindicato dos Rodovi\u00e1rios volta \u00e0s ruas.Dessa vez, expressamos nossa revolta pela forma como o PL 1366\/23 foi aprovado na ALEPE, um projeto que visa proibir a pr\u00e1tica do surfe rodovi\u00e1rio, mas que culpabiliza o motorista caso ele n\u00e3o consiga coibir tal pr\u00e1tica no \u00f4nibus que tiver conduzindo. Em nenhum momento o Sindicato foi procurado para debater o tema e de repente, de forma sorrateira o projeto foi aprovado. Somos contra a pr\u00e1tica do surf, mas temos clareza que a responsabilidade pela elimina\u00e7\u00e3o de tal pr\u00e1tica \u00e9 do Estado. Nesse sentido solicitamos que a Governadora vete o projeto, no que diz respeito \u00e0 culpabiliza\u00e7\u00e3o dos rodovi\u00e1rios e abra um aut\u00eantico debate com a Sociedade Pernambucana.<\/em><br \/>\n<em>Recife, 4 de novembro de 2024.<\/em><br \/>\n<em>Sindicato dos Rodovi\u00e1rios do Recife e RMR\u201d<\/em><\/p>\n","protected":false},"excerpt":{"rendered":"<p>Para tentar evitar que a governadora Raquel Lyra (PSDB) sancione o projeto de lei aprovado pela Assembleia Legislativa de Pernambuco que transfere aos motoristas de \u00f4nibus a responsabilidade de fiscalizar a pr\u00e1tica de surf sobre os ve\u00edculos, os rodovi\u00e1rios promoveram uma manifesta\u00e7\u00e3o que paralisou o centro do Recife, nesta segunda-feira (04\/11). Orientados pelo Sindicato dos [&hellip;]<\/p>\n","protected":false},"author":2,"featured_media":340157,"comment_status":"closed","ping_status":"closed","sticky":false,"template":"","format":"standard","meta":{"_acf_changed":false,"footnotes":""},"categories":[165],"tags":[],"class_list":["post-340156","post","type-post","status-publish","format-standard","has-post-thumbnail","hentry","category-nordeste"],"acf":[],"_links":{"self":[{"href":"https:\/\/www.notibras.com\/site\/wp-json\/wp\/v2\/posts\/340156","targetHints":{"allow":["GET"]}}],"collection":[{"href":"https:\/\/www.notibras.com\/site\/wp-json\/wp\/v2\/posts"}],"about":[{"href":"https:\/\/www.notibras.com\/site\/wp-json\/wp\/v2\/types\/post"}],"author":[{"embeddable":true,"href":"https:\/\/www.notibras.com\/site\/wp-json\/wp\/v2\/users\/2"}],"replies":[{"embeddable":true,"href":"https:\/\/www.notibras.com\/site\/wp-json\/wp\/v2\/comments?post=340156"}],"version-history":[{"count":1,"href":"https:\/\/www.notibras.com\/site\/wp-json\/wp\/v2\/posts\/340156\/revisions"}],"predecessor-version":[{"id":340158,"href":"https:\/\/www.notibras.com\/site\/wp-json\/wp\/v2\/posts\/340156\/revisions\/340158"}],"wp:featuredmedia":[{"embeddable":true,"href":"https:\/\/www.notibras.com\/site\/wp-json\/wp\/v2\/media\/340157"}],"wp:attachment":[{"href":"https:\/\/www.notibras.com\/site\/wp-json\/wp\/v2\/media?parent=340156"}],"wp:term":[{"taxonomy":"category","embeddable":true,"href":"https:\/\/www.notibras.com\/site\/wp-json\/wp\/v2\/categories?post=340156"},{"taxonomy":"post_tag","embeddable":true,"href":"https:\/\/www.notibras.com\/site\/wp-json\/wp\/v2\/tags?post=340156"}],"curies":[{"name":"wp","href":"https:\/\/api.w.org\/{rel}","templated":true}]}}