{"id":340170,"date":"2024-11-05T00:00:43","date_gmt":"2024-11-05T03:00:43","guid":{"rendered":"https:\/\/www.notibras.com\/site\/?p=340170"},"modified":"2024-11-05T08:00:27","modified_gmt":"2024-11-05T11:00:27","slug":"dinho-cicero-e-secretarios-visitam-obra-da-nova-sede-da-camara","status":"publish","type":"post","link":"https:\/\/www.notibras.com\/site\/dinho-cicero-e-secretarios-visitam-obra-da-nova-sede-da-camara\/","title":{"rendered":"Dinho, C\u00edcero e secret\u00e1rios visitam obra da nova sede da C\u00e2mara"},"content":{"rendered":"<p>O presidente da C\u00e2mara Municipal de Jo\u00e3o Pessoa Dinho Dowsley (PSD), recebeu nesta segunda, 4, o prefeito C\u00edcero Lucena (PP) e secret\u00e1rios municipais para uma visita \u00e0 obra da nova sede do Legislativo Municipal, na Rua das Trincheiras.<\/p>\n<p>Sobre o andamento da constru\u00e7\u00e3o, o prefeito afirmou: &#8220;\u00c9 muito bom quando voc\u00ea participa de um projeto e v\u00ea que est\u00e1 dando certo, que vai entregar aquilo que foi pensado, dentro dos seus objetivos. Primeiro, um espa\u00e7o digno para o trabalho dos representantes do povo, que nesse caso s\u00e3o os vereadores, para que tenham melhores condi\u00e7\u00f5es de prestar servi\u00e7o \u00e0 popula\u00e7\u00e3o. Segundo, a vis\u00e3o da preserva\u00e7\u00e3o e o est\u00edmulo para que, cada vez mais, tenhamos equipamentos p\u00fablicos e privados no nosso Centro Hist\u00f3rico, na miss\u00e3o de preservar e dar vida a ele&#8221;.<\/p>\n<p>O presidente Dinho Dowsley (PSD) ressaltou: &#8220;\u00c9 importante que os secret\u00e1rios e o prefeito vejam o andamento da obra da nova sede da C\u00e2mara bem avan\u00e7ado, porque \u00e9 a estrutura futura que vai receber os novos parlamentares e que est\u00e1 ajudando a manter no Centro Hist\u00f3rico da cidade o Poder Legislativo. \u00c9 importante a nossa cidade ter uma melhor estrutura para receber a popula\u00e7\u00e3o. Estamos trabalhando para, em breve, entregar esse pr\u00e9dio&#8221;.<\/p>\n<p>O vice-prefeito Leo Bezerra (PSB) salientou a necessidade da nova estrutura: &#8220;Quem sentia o dia a dia da C\u00e2mara Municipal sabe que ela j\u00e1 est\u00e1 pequena para a nossa popula\u00e7\u00e3o. Essa iniciativa merece aplausos \u00e0 C\u00e2mara, que decidiu permanecer no Centro e preservar a nossa hist\u00f3ria. \u00c9 uma satisfa\u00e7\u00e3o grande estar hoje na condi\u00e7\u00e3o de vice-prefeito, ter sido vereador, e saber que hoje Jo\u00e3o Pessoa est\u00e1 sendo bem cuidada&#8221;.<\/p>\n<p>O secret\u00e1rio municipal de infraestrutura, Rubens Falc\u00e3o, destacou sobre a constru\u00e7\u00e3o: &#8220;Uma obra linda, uma obra limpa, unindo o hist\u00f3rico com o moderno. A Seinfra (Secretaria Municipal de Infraestrutura) participou dos projetos complementares e estamos aqui auxiliando na parte da engenharia. Essa obra vai servir para revitalizar o nosso Centro Hist\u00f3rico, juntamente com a Defensoria P\u00fablica, que vai funcionar aqui ao lado. Ent\u00e3o, o Centro est\u00e1 come\u00e7ando a voltar \u00e0 vida e, com \u00f3rg\u00e3os p\u00fablicos funcionando, logo mais os servi\u00e7os v\u00e3o retornar aqui. J\u00e1 estamos discutindo com o presidente Dinho sobre um estacionamento, porque ser\u00e3o diversos \u00f3rg\u00e3os no entorno&#8221;.<\/p>\n<p>No dia 1\u00ba de fevereiro, foi aprovada a autoriza\u00e7\u00e3o de conv\u00eanio do Executivo com o Legislativo para repasse de recursos destinados \u00e0 constru\u00e7\u00e3o. A solenidade de assinatura da ordem de servi\u00e7o da obra de constru\u00e7\u00e3o da nova sede aconteceu no dia 21 de dezembro de 2023.<\/p>\n<p>A atual sede do Legislativo Municipal foi pensada na d\u00e9cada de 1970, quando havia 12 vereadores. Considerando o estado atual e prevendo a expans\u00e3o futura demandada pelo crescimento da cidade, que est\u00e1 prestes a atingir um milh\u00e3o de habitantes, o projeto contempla a constru\u00e7\u00e3o de um pr\u00e9dio com 32 gabinetes.<\/p>\n","protected":false},"excerpt":{"rendered":"<p>O presidente da C\u00e2mara Municipal de Jo\u00e3o Pessoa Dinho Dowsley (PSD), recebeu nesta segunda, 4, o prefeito C\u00edcero Lucena (PP) e secret\u00e1rios municipais para uma visita \u00e0 obra da nova sede do Legislativo Municipal, na Rua das Trincheiras. Sobre o andamento da constru\u00e7\u00e3o, o prefeito afirmou: &#8220;\u00c9 muito bom quando voc\u00ea participa de um projeto [&hellip;]<\/p>\n","protected":false},"author":2,"featured_media":340171,"comment_status":"closed","ping_status":"closed","sticky":false,"template":"","format":"standard","meta":{"_acf_changed":false,"footnotes":""},"categories":[165],"tags":[],"class_list":["post-340170","post","type-post","status-publish","format-standard","has-post-thumbnail","hentry","category-nordeste"],"acf":[],"_links":{"self":[{"href":"https:\/\/www.notibras.com\/site\/wp-json\/wp\/v2\/posts\/340170","targetHints":{"allow":["GET"]}}],"collection":[{"href":"https:\/\/www.notibras.com\/site\/wp-json\/wp\/v2\/posts"}],"about":[{"href":"https:\/\/www.notibras.com\/site\/wp-json\/wp\/v2\/types\/post"}],"author":[{"embeddable":true,"href":"https:\/\/www.notibras.com\/site\/wp-json\/wp\/v2\/users\/2"}],"replies":[{"embeddable":true,"href":"https:\/\/www.notibras.com\/site\/wp-json\/wp\/v2\/comments?post=340170"}],"version-history":[{"count":1,"href":"https:\/\/www.notibras.com\/site\/wp-json\/wp\/v2\/posts\/340170\/revisions"}],"predecessor-version":[{"id":340172,"href":"https:\/\/www.notibras.com\/site\/wp-json\/wp\/v2\/posts\/340170\/revisions\/340172"}],"wp:featuredmedia":[{"embeddable":true,"href":"https:\/\/www.notibras.com\/site\/wp-json\/wp\/v2\/media\/340171"}],"wp:attachment":[{"href":"https:\/\/www.notibras.com\/site\/wp-json\/wp\/v2\/media?parent=340170"}],"wp:term":[{"taxonomy":"category","embeddable":true,"href":"https:\/\/www.notibras.com\/site\/wp-json\/wp\/v2\/categories?post=340170"},{"taxonomy":"post_tag","embeddable":true,"href":"https:\/\/www.notibras.com\/site\/wp-json\/wp\/v2\/tags?post=340170"}],"curies":[{"name":"wp","href":"https:\/\/api.w.org\/{rel}","templated":true}]}}