{"id":340184,"date":"2024-11-05T00:00:10","date_gmt":"2024-11-05T03:00:10","guid":{"rendered":"https:\/\/www.notibras.com\/site\/?p=340184"},"modified":"2024-11-05T09:15:19","modified_gmt":"2024-11-05T12:15:19","slug":"uma-cidade-de-35-anos-como-destino-para-investidores-e-novos-moradores","status":"publish","type":"post","link":"https:\/\/www.notibras.com\/site\/uma-cidade-de-35-anos-como-destino-para-investidores-e-novos-moradores\/","title":{"rendered":"Uma cidade de 35 anos como destino para investidores e novos moradores"},"content":{"rendered":"<p>Samambaia comemorou 35 anos de funda\u00e7\u00e3o no \u00faltimo dia 25 de outubro, marcada por uma trajet\u00f3ria de crescimento e desenvolvimento. Criada em 1989, a cidade \u00e9 hoje a segunda maior regi\u00e3o administrativa do Distrito Federal, com aproximadamente de 280 mil habitantes, perdendo apenas para Ceil\u00e2ndia em n\u00famero de moradores. Fundada no contexto de uma pol\u00edtica habitacional promovida pelo ex-governador Joaquim Roriz, Samambaia se consolidou como um dos maiores assentamentos urbanos da \u00e9poca e, atualmente, desponta como uma das regi\u00f5es mais promissoras do DF.<\/p>\n<p>Samambaia vive um momento de franca expans\u00e3o imobili\u00e1ria, tanto vertical quanto horizontal. A cidade ocupa hoje o terceiro lugar no valor do metro quadrado de im\u00f3veis novos fora do Plano Piloto, o que a transforma em um destino atraente para investidores e moradores.<\/p>\n<p><strong>Infraestrutura e mobilidade<\/strong><br \/>\nA localiza\u00e7\u00e3o estrat\u00e9gica de Samambaia facilita o acesso a outras regi\u00f5es administrativas, como Ceil\u00e2ndia, Taguatinga e \u00c1guas Claras. O T\u00fanel Rei Pel\u00e9, que aprimora a liga\u00e7\u00e3o com Taguatinga, \u00e9 uma das melhorias que fortalecem o sistema de mobilidade. Al\u00e9m disso, a cidade possui uma linha de metr\u00f4 com tr\u00eas esta\u00e7\u00f5es, que em breve ser\u00e1 expandida e ganhar\u00e1 duas novas esta\u00e7\u00f5es chegando at\u00e9 a altura do Centro Ol\u00edmpico de Samambaia.<\/p>\n<p>A cidade tamb\u00e9m se destaca pelo seu sistema vi\u00e1rio inteligente, que prioriza a fluidez no tr\u00e1fego. Com vias interligadas por rotat\u00f3rias e sem a presen\u00e7a de sem\u00e1foros, o tr\u00e2nsito flui de forma natural e segura. Al\u00e9m disso, a cidade conta com uma extensa malha ciclovi\u00e1ria que atravessa toda a regi\u00e3o, incentivando o uso de bicicletas e o transporte sustent\u00e1vel.<\/p>\n<p><strong>Servi\u00e7os essenciais<\/strong><br \/>\nDesde os primeiros anos, Samambaia mostrou compromisso com a qualidade de vida dos moradores, implementando 100% da rede de \u00e1gua e esgoto em apenas 10 anos de exist\u00eancia. Hoje, a cidade possui um hospital, universidade e um com\u00e9rcio diversificado. Em uma de suas vias principais, h\u00e1 uma impressionante concentra\u00e7\u00e3o de 14 farm\u00e1cias, mostrando o dinamismo econ\u00f4mico e a for\u00e7a do empreendedorismo local.<\/p>\n<p>Durante todo o m\u00eas de outubro, Samambaia se encheu de vida com atividades para todas as idades, desde apresenta\u00e7\u00f5es culturais at\u00e9 encontros familiares. A administra\u00e7\u00e3o regional organizou uma s\u00e9rie de comemora\u00e7\u00f5es que refletiram a hist\u00f3ria e a identidade da cidade, homenageando as conquistas de quem ajudou a construir Samambaia | Foto: Divulga\u00e7\u00e3o\/Adm Regional de Samambaia<\/p>\n<p><strong>Celebra\u00e7\u00e3o dos 35 anos<\/strong><br \/>\nO anivers\u00e1rio de 35 anos foi celebrado com eventos que envolveram toda a comunidade. Durante todo o m\u00eas de outubro, Samambaia se encheu de vida com atividades para todas as idades, desde apresenta\u00e7\u00f5es culturais at\u00e9 encontros familiares. A administra\u00e7\u00e3o regional organizou uma s\u00e9rie de comemora\u00e7\u00f5es que refletiram a hist\u00f3ria e a identidade da cidade, homenageando as conquistas de quem ajudou a construir Samambaia. Cada evento foi um s\u00edmbolo de uni\u00e3o, criando mem\u00f3rias, sorrisos e momentos de alegria que fortaleceram o esp\u00edrito comunit\u00e1rio.<\/p>\n<p><strong>Futuro<\/strong><br \/>\nEsses 35 anos s\u00e3o uma homenagem ao passado e uma promessa de um futuro ainda mais promissor para Samambaia. A cidade continua em expans\u00e3o, com novos investimentos, valoriza\u00e7\u00e3o imobili\u00e1ria e projetos que garantem a qualidade de vida de seus moradores. Samambaia est\u00e1 pronta para continuar crescendo, mantendo suas ra\u00edzes e fortalecendo a identidade de uma comunidade que se orgulha de sua hist\u00f3ria e acredita no potencial de seu futuro.<\/p>\n","protected":false},"excerpt":{"rendered":"<p>Samambaia comemorou 35 anos de funda\u00e7\u00e3o no \u00faltimo dia 25 de outubro, marcada por uma trajet\u00f3ria de crescimento e desenvolvimento. Criada em 1989, a cidade \u00e9 hoje a segunda maior regi\u00e3o administrativa do Distrito Federal, com aproximadamente de 280 mil habitantes, perdendo apenas para Ceil\u00e2ndia em n\u00famero de moradores. Fundada no contexto de uma pol\u00edtica [&hellip;]<\/p>\n","protected":false},"author":2,"featured_media":340186,"comment_status":"closed","ping_status":"closed","sticky":false,"template":"","format":"standard","meta":{"_acf_changed":false,"footnotes":""},"categories":[161],"tags":[],"class_list":["post-340184","post","type-post","status-publish","format-standard","has-post-thumbnail","hentry","category-quadradinho-em-foco"],"acf":[],"_links":{"self":[{"href":"https:\/\/www.notibras.com\/site\/wp-json\/wp\/v2\/posts\/340184","targetHints":{"allow":["GET"]}}],"collection":[{"href":"https:\/\/www.notibras.com\/site\/wp-json\/wp\/v2\/posts"}],"about":[{"href":"https:\/\/www.notibras.com\/site\/wp-json\/wp\/v2\/types\/post"}],"author":[{"embeddable":true,"href":"https:\/\/www.notibras.com\/site\/wp-json\/wp\/v2\/users\/2"}],"replies":[{"embeddable":true,"href":"https:\/\/www.notibras.com\/site\/wp-json\/wp\/v2\/comments?post=340184"}],"version-history":[{"count":1,"href":"https:\/\/www.notibras.com\/site\/wp-json\/wp\/v2\/posts\/340184\/revisions"}],"predecessor-version":[{"id":340187,"href":"https:\/\/www.notibras.com\/site\/wp-json\/wp\/v2\/posts\/340184\/revisions\/340187"}],"wp:featuredmedia":[{"embeddable":true,"href":"https:\/\/www.notibras.com\/site\/wp-json\/wp\/v2\/media\/340186"}],"wp:attachment":[{"href":"https:\/\/www.notibras.com\/site\/wp-json\/wp\/v2\/media?parent=340184"}],"wp:term":[{"taxonomy":"category","embeddable":true,"href":"https:\/\/www.notibras.com\/site\/wp-json\/wp\/v2\/categories?post=340184"},{"taxonomy":"post_tag","embeddable":true,"href":"https:\/\/www.notibras.com\/site\/wp-json\/wp\/v2\/tags?post=340184"}],"curies":[{"name":"wp","href":"https:\/\/api.w.org\/{rel}","templated":true}]}}