{"id":340230,"date":"2024-11-06T06:54:08","date_gmt":"2024-11-06T09:54:08","guid":{"rendered":"https:\/\/www.notibras.com\/site\/?p=340230"},"modified":"2024-11-06T06:54:50","modified_gmt":"2024-11-06T09:54:50","slug":"natal-dos-presentes-encantados-chega-ao-terraco","status":"publish","type":"post","link":"https:\/\/www.notibras.com\/site\/natal-dos-presentes-encantados-chega-ao-terraco\/","title":{"rendered":"Natal dos Presentes Encantados chega ao Terra\u00e7o"},"content":{"rendered":"<p>O ano de 2024 \u00e9 muito especial para o Terra\u00e7o Shopping, pois o empreendimento celebra 25 anos de hist\u00f3ria na vida dos brasilienses, seja para proporcionar divers\u00e3o com atra\u00e7\u00f5es culturais e infantis, seja para oferecer um mix de lojas e restaurantes que s\u00f3 o Terra\u00e7o tem. E em clima de festa e celebra\u00e7\u00e3o, o Natal deste ano tamb\u00e9m ser\u00e1 especial, com uma decora\u00e7\u00e3o voltada para convidar o p\u00fablico a compartilhar hist\u00f3rias do dia a dia de cada um, em \u201cO Natal dos Presentes Encantados\u201d.<\/p>\n<p>O cen\u00e1rio principal fica na Pra\u00e7a Central, nas tradicionais cores natalinas vermelha e dourada, com caixas de presentes gigantes, brinquedos e cen\u00e1rios instagram\u00e1veis. As crian\u00e7as poder\u00e3o se divertir e passar por dentro de uma \u00e1rvore gigante, de 11 metros de altura, terminando em um grande escorregador.<\/p>\n<p><strong>Chegada do Papai Noel<\/strong><br \/>\nO momento que d\u00e1 in\u00edcio \u00e0s comemora\u00e7\u00f5es natalinas \u00e9 a chegada do Papai Noel. No Terra\u00e7o Shopping, o evento para receber o bom velhinho acontecer\u00e1 no dia 9 de novembro (s\u00e1bado), trazendo consigo todos os presentes encantados que o Terra\u00e7o Shopping guarda com tanto carinho. A grande atra\u00e7\u00e3o do dia ser\u00e1 a Parada Natalina, no estacionamento externo do shopping, com um grande desfile natalino que contar\u00e1 a hist\u00f3ria do Natal com direito a alas tem\u00e1ticas e mais de 100 personagens at\u00e9 a chegada do Papai Noel.<\/p>\n<p>Ap\u00f3s um passeio pelo shopping, o Papai Noel se dirigir\u00e1 para seu trono, localizado no 2\u00ba piso, onde as crian\u00e7as poder\u00e3o entregar suas cartinhas com o pedido de presente, al\u00e9m de tirar fotos. O espa\u00e7o tamb\u00e9m ter\u00e1 um local especial para os pets fazerem a visita ao Papai Noel e tirarem uma foto.<\/p>\n<p>O evento acontecer\u00e1 entre 14h e 17h, com oficinas tem\u00e1ticas, brinquedos e pintura de rosto. Personagens natalinos circular\u00e3o pelos corredores do shopping, trazendo a magia e a alegria do Natal, distribuindo bal\u00f5es coloridos e interagindo com as pessoas.<\/p>\n<p>Depois da chegada do bom velhinho, ele ficar\u00e1 \u00e0 disposi\u00e7\u00e3o para conversar com os pequenos at\u00e9 o dia 24 de dezembro.<\/p>\n<p><strong>Servi\u00e7o:<\/strong><br \/>\nChegada do Papai Noel<br \/>\nS\u00e1bado, 9 de novembro<br \/>\nHor\u00e1rios: Personagens, brinquedos, oficina tem\u00e1tica e pintura de rosto, das 14h \u00e0s 17h<br \/>\nParada Natalina e Chegada do Papai Noel, \u00e0s 16h<br \/>\nEntrada gratuita<\/p>\n<p>Hor\u00e1rio de visita ao Papai Noel<\/p>\n<p><strong>Novembro:<\/strong><br \/>\nData: 09 a 30 de novembro<br \/>\nHor\u00e1rios:<br \/>\nSegunda a sexta: 12h \u00e0s 20h \u2013 intervalo: 16h \u00e0s 16h45<br \/>\nS\u00e1bado: 10h \u00e0s 22h \u2013 intervalos: 14h \u00e0s 14h45 e 19h30 \u00e0s 20h15<br \/>\nDomingos e feriados: 13h \u00e0s 19h \u2013 intervalo: 16h \u00e0s 16h45<\/p>\n<p><strong>Dezembro:<\/strong><br \/>\nData: 01 a 24 de dezembro<br \/>\nHor\u00e1rios:<br \/>\nSegunda a s\u00e1bado: 10h \u00e0s 22h \u2013 intervalos: 14h \u00e0s 14h45 e 19h30 \u00e0s 20h15<br \/>\nDomingos e feriados: 13h \u00e0s 19h \u2013 intervalo: 16h \u00e0s 16h45<\/p>\n","protected":false},"excerpt":{"rendered":"<p>O ano de 2024 \u00e9 muito especial para o Terra\u00e7o Shopping, pois o empreendimento celebra 25 anos de hist\u00f3ria na vida dos brasilienses, seja para proporcionar divers\u00e3o com atra\u00e7\u00f5es culturais e infantis, seja para oferecer um mix de lojas e restaurantes que s\u00f3 o Terra\u00e7o tem. E em clima de festa e celebra\u00e7\u00e3o, o Natal [&hellip;]<\/p>\n","protected":false},"author":2,"featured_media":340231,"comment_status":"closed","ping_status":"closed","sticky":false,"template":"","format":"standard","meta":{"_acf_changed":false,"footnotes":""},"categories":[161],"tags":[],"class_list":["post-340230","post","type-post","status-publish","format-standard","has-post-thumbnail","hentry","category-quadradinho-em-foco"],"acf":[],"_links":{"self":[{"href":"https:\/\/www.notibras.com\/site\/wp-json\/wp\/v2\/posts\/340230","targetHints":{"allow":["GET"]}}],"collection":[{"href":"https:\/\/www.notibras.com\/site\/wp-json\/wp\/v2\/posts"}],"about":[{"href":"https:\/\/www.notibras.com\/site\/wp-json\/wp\/v2\/types\/post"}],"author":[{"embeddable":true,"href":"https:\/\/www.notibras.com\/site\/wp-json\/wp\/v2\/users\/2"}],"replies":[{"embeddable":true,"href":"https:\/\/www.notibras.com\/site\/wp-json\/wp\/v2\/comments?post=340230"}],"version-history":[{"count":2,"href":"https:\/\/www.notibras.com\/site\/wp-json\/wp\/v2\/posts\/340230\/revisions"}],"predecessor-version":[{"id":340233,"href":"https:\/\/www.notibras.com\/site\/wp-json\/wp\/v2\/posts\/340230\/revisions\/340233"}],"wp:featuredmedia":[{"embeddable":true,"href":"https:\/\/www.notibras.com\/site\/wp-json\/wp\/v2\/media\/340231"}],"wp:attachment":[{"href":"https:\/\/www.notibras.com\/site\/wp-json\/wp\/v2\/media?parent=340230"}],"wp:term":[{"taxonomy":"category","embeddable":true,"href":"https:\/\/www.notibras.com\/site\/wp-json\/wp\/v2\/categories?post=340230"},{"taxonomy":"post_tag","embeddable":true,"href":"https:\/\/www.notibras.com\/site\/wp-json\/wp\/v2\/tags?post=340230"}],"curies":[{"name":"wp","href":"https:\/\/api.w.org\/{rel}","templated":true}]}}