{"id":340269,"date":"2024-11-06T12:53:57","date_gmt":"2024-11-06T15:53:57","guid":{"rendered":"https:\/\/www.notibras.com\/site\/?p=340269"},"modified":"2024-11-06T14:58:42","modified_gmt":"2024-11-06T17:58:42","slug":"debate-revela-o-lado-sombrio-de-cleber-lopes","status":"publish","type":"post","link":"https:\/\/www.notibras.com\/site\/debate-revela-o-lado-sombrio-de-cleber-lopes\/","title":{"rendered":"Debate revela o lado sombrio de Cl\u00e9ber Lopes"},"content":{"rendered":"<p>A disputa pela presid\u00eancia da OAB-DF ganhou novos contornos ap\u00f3s o debate promovido na noite de ter\u00e7a, 5, onde Cl\u00e9ber Lopes, advogado do governador e candidato ao cargo, viu suas pr\u00e1ticas question\u00e1veis expostas para toda a advocacia do Distrito Federal. Durante o evento, Cristiane Damasceno, conselheira federal e tamb\u00e9m candidata, revelou que uma conversa entre os dois havia sido gravada, com sua anu\u00eancia obtida sob constrangimento. A revela\u00e7\u00e3o escancara o ambiente de desconfian\u00e7a que permeia a candidatura de Cl\u00e9ber.<\/p>\n<p>O epis\u00f3dio levanta uma quest\u00e3o crucial: por que Cl\u00e9ber sentiu a necessidade de gravar um di\u00e1logo entre dois concorrentes? Que tipo de acordo ou tratativa estava sendo discutido que precisava ser registrado em \u00e1udio? O debate n\u00e3o apenas trouxe esses questionamentos \u00e0 tona, mas tamb\u00e9m revelou um padr\u00e3o preocupante de comportamento. Se nem entre os pr\u00f3prios candidatos h\u00e1 confian\u00e7a, o que esperar de Cl\u00e9ber Lopes como presidente da Ordem?<\/p>\n<p>Al\u00e9m disso, durante o debate, outra fala de Cl\u00e9ber gerou indigna\u00e7\u00e3o. Ele afirmou que precisou \u201csair da periferia\u201d para alcan\u00e7ar o sucesso profissional, sugerindo que a advocacia s\u00f3 prospera em escrit\u00f3rios luxuosos e com acesso aos c\u00edrculos de poder. Cl\u00e9ber refor\u00e7ou sua vis\u00e3o elitista, desvalorizando o trabalho de milhares de advogados que atuam fora do eixo central.<\/p>\n<p>Essa declara\u00e7\u00e3o n\u00e3o \u00e9 apenas infeliz; \u00e9 um insulto \u00e0 advocacia que luta diariamente, independentemente de localiza\u00e7\u00e3o ou infraestrutura. Ao sugerir que o sucesso est\u00e1 reservado a quem deixa a \u201cperiferia\u201d e ingressa no circuito bajulat\u00f3rio dos gabinetes, Cl\u00e9ber demonstra total desprezo pela diversidade e pelos desafios enfrentados por boa parte da categoria.<\/p>\n<p>O debate serviu como uma vitrine para expor o verdadeiro estilo de Cl\u00e9ber Lopes: arrogante, excludente e pouco comprometido com os princ\u00edpios de transpar\u00eancia e igualdade que deveriam nortear a advocacia. A pergunta que fica \u00e9: ser\u00e1 que a advocacia do Distrito Federal aceitar\u00e1 ser liderada por algu\u00e9m que supostamente representa justamente o que a Ordem precisa combater?<\/p>\n","protected":false},"excerpt":{"rendered":"<p>A disputa pela presid\u00eancia da OAB-DF ganhou novos contornos ap\u00f3s o debate promovido na noite de ter\u00e7a, 5, onde Cl\u00e9ber Lopes, advogado do governador e candidato ao cargo, viu suas pr\u00e1ticas question\u00e1veis expostas para toda a advocacia do Distrito Federal. Durante o evento, Cristiane Damasceno, conselheira federal e tamb\u00e9m candidata, revelou que uma conversa entre [&hellip;]<\/p>\n","protected":false},"author":2,"featured_media":340270,"comment_status":"closed","ping_status":"closed","sticky":false,"template":"","format":"standard","meta":{"_acf_changed":false,"footnotes":""},"categories":[161],"tags":[],"class_list":["post-340269","post","type-post","status-publish","format-standard","has-post-thumbnail","hentry","category-quadradinho-em-foco"],"acf":[],"_links":{"self":[{"href":"https:\/\/www.notibras.com\/site\/wp-json\/wp\/v2\/posts\/340269","targetHints":{"allow":["GET"]}}],"collection":[{"href":"https:\/\/www.notibras.com\/site\/wp-json\/wp\/v2\/posts"}],"about":[{"href":"https:\/\/www.notibras.com\/site\/wp-json\/wp\/v2\/types\/post"}],"author":[{"embeddable":true,"href":"https:\/\/www.notibras.com\/site\/wp-json\/wp\/v2\/users\/2"}],"replies":[{"embeddable":true,"href":"https:\/\/www.notibras.com\/site\/wp-json\/wp\/v2\/comments?post=340269"}],"version-history":[{"count":1,"href":"https:\/\/www.notibras.com\/site\/wp-json\/wp\/v2\/posts\/340269\/revisions"}],"predecessor-version":[{"id":340271,"href":"https:\/\/www.notibras.com\/site\/wp-json\/wp\/v2\/posts\/340269\/revisions\/340271"}],"wp:featuredmedia":[{"embeddable":true,"href":"https:\/\/www.notibras.com\/site\/wp-json\/wp\/v2\/media\/340270"}],"wp:attachment":[{"href":"https:\/\/www.notibras.com\/site\/wp-json\/wp\/v2\/media?parent=340269"}],"wp:term":[{"taxonomy":"category","embeddable":true,"href":"https:\/\/www.notibras.com\/site\/wp-json\/wp\/v2\/categories?post=340269"},{"taxonomy":"post_tag","embeddable":true,"href":"https:\/\/www.notibras.com\/site\/wp-json\/wp\/v2\/tags?post=340269"}],"curies":[{"name":"wp","href":"https:\/\/api.w.org\/{rel}","templated":true}]}}