{"id":340275,"date":"2024-11-07T00:40:59","date_gmt":"2024-11-07T03:40:59","guid":{"rendered":"https:\/\/www.notibras.com\/site\/?p=340275"},"modified":"2024-11-06T23:18:38","modified_gmt":"2024-11-07T02:18:38","slug":"sob-pressao-cleber-lopes-vacila-e-transforma-sua-arrogancia-em-escudo","status":"publish","type":"post","link":"https:\/\/www.notibras.com\/site\/sob-pressao-cleber-lopes-vacila-e-transforma-sua-arrogancia-em-escudo\/","title":{"rendered":"Sob Press\u00e3o, Cl\u00e9ber Lopes vacila e transforma sua arrog\u00e2ncia em escudo"},"content":{"rendered":"<p>O debate entre os candidatos \u00e0 presid\u00eancia da OAB-DF, promovido na noite de ter\u00e7a, 5, foi palco de cenas lament\u00e1veis. Cl\u00e9ber Lopes, conhecido por sua postura arrogante, transformou o evento em um verdadeiro show de egocentrismo.<\/p>\n<p>Por\u00e9m, quando confrontado com perguntas dif\u00edceis, especialmente sobre o uso de comissionados do Governo do Distrito Federal em sua campanha, o \u201cpaladino da advocacia\u201d mostrou que sua coragem \u00e9 apenas fachada.<\/p>\n<p><strong>Fraqueza escancarada<\/strong><br \/>\nA doutora Karolyne Guimar\u00e3es, ainda que com seu estilo barulhento, n\u00e3o perdeu a oportunidade de desestabilizar Cl\u00e9ber.<\/p>\n<p>Ela o confrontou diretamente, exigindo que explicasse se sua campanha estava, ou n\u00e3o, sendo sustentada por funcion\u00e1rios comissionados ligados ao governador Ibaneis Rocha. A pergunta era simples, mas Cl\u00e9ber optou por desviar.<\/p>\n<p>Em vez de responder de forma objetiva, ele partiu para o ataque defensivo, exigindo provas e nomes como se estivesse no banco dos r\u00e9us, deixando claro que o papel de advogado de si mesmo \u00e9 o \u00fanico que ele desempenha com perfei\u00e7\u00e3o.<\/p>\n<p><strong>Vazio da ret\u00f3rica<\/strong><br \/>\nCl\u00e9ber gastou seu tempo com frases de efeito sobre &#8220;devolver a voz \u00e0 advocacia&#8221;, mas a verdade \u00e9 que sua pr\u00f3pria voz falhou quando a transpar\u00eancia era mais necess\u00e1ria. Ele preferiu recorrer \u00e0 sua habitual ret\u00f3rica vazia, tentando impressionar com autoelogios em vez de assumir ou negar as acusa\u00e7\u00f5es.<\/p>\n<p><strong>Cl\u00e9ber Lopes<\/strong>: \u201c<em>Quem vive a advocacia de verdade, como eu, sabe que estamos aqui para devolver a voz \u00e0 classe!<\/em>\u201d<\/p>\n<p><strong>Karolyne Guimar\u00e3es<\/strong>: \u201c<em>Que voz \u00e9 essa? Sua chapa \u00e9 do Ibaneis, comissionados do GDF est\u00e3o na sua campanha. Isso \u00e9 inaceit\u00e1vel!<\/em>\u201d<\/p>\n<p><strong>Confian\u00e7a disfar\u00e7ada<\/strong><br \/>\nO debate deixou claro que Cl\u00e9ber Lopes n\u00e3o est\u00e1 preparado para lidar com o contradit\u00f3rio. Enquanto Karolyne o pressionava, ele tentava manter a postura, mas a verdade era evidente: quando confrontado, Cl\u00e9ber foge.<\/p>\n<p>Sua arrog\u00e2ncia, que deveria ser um pilar de confian\u00e7a, se revelou um escudo fr\u00e1gil, incapaz de proteg\u00ea-lo das quest\u00f5es que realmente importam.<\/p>\n<p>No fim, o p\u00fablico que acompanhou o debate presenciou um espet\u00e1culo de vaidades e evasivas, encenado por Cl\u00e9ber Lopes, com uma participa\u00e7\u00e3o \u00e0 \u201caltura\u201d da doutora Karolyne.<\/p>\n","protected":false},"excerpt":{"rendered":"<p>O debate entre os candidatos \u00e0 presid\u00eancia da OAB-DF, promovido na noite de ter\u00e7a, 5, foi palco de cenas lament\u00e1veis. Cl\u00e9ber Lopes, conhecido por sua postura arrogante, transformou o evento em um verdadeiro show de egocentrismo. Por\u00e9m, quando confrontado com perguntas dif\u00edceis, especialmente sobre o uso de comissionados do Governo do Distrito Federal em sua [&hellip;]<\/p>\n","protected":false},"author":2,"featured_media":340276,"comment_status":"closed","ping_status":"closed","sticky":false,"template":"","format":"standard","meta":{"_acf_changed":false,"footnotes":""},"categories":[161],"tags":[],"class_list":["post-340275","post","type-post","status-publish","format-standard","has-post-thumbnail","hentry","category-quadradinho-em-foco"],"acf":[],"_links":{"self":[{"href":"https:\/\/www.notibras.com\/site\/wp-json\/wp\/v2\/posts\/340275","targetHints":{"allow":["GET"]}}],"collection":[{"href":"https:\/\/www.notibras.com\/site\/wp-json\/wp\/v2\/posts"}],"about":[{"href":"https:\/\/www.notibras.com\/site\/wp-json\/wp\/v2\/types\/post"}],"author":[{"embeddable":true,"href":"https:\/\/www.notibras.com\/site\/wp-json\/wp\/v2\/users\/2"}],"replies":[{"embeddable":true,"href":"https:\/\/www.notibras.com\/site\/wp-json\/wp\/v2\/comments?post=340275"}],"version-history":[{"count":2,"href":"https:\/\/www.notibras.com\/site\/wp-json\/wp\/v2\/posts\/340275\/revisions"}],"predecessor-version":[{"id":340278,"href":"https:\/\/www.notibras.com\/site\/wp-json\/wp\/v2\/posts\/340275\/revisions\/340278"}],"wp:featuredmedia":[{"embeddable":true,"href":"https:\/\/www.notibras.com\/site\/wp-json\/wp\/v2\/media\/340276"}],"wp:attachment":[{"href":"https:\/\/www.notibras.com\/site\/wp-json\/wp\/v2\/media?parent=340275"}],"wp:term":[{"taxonomy":"category","embeddable":true,"href":"https:\/\/www.notibras.com\/site\/wp-json\/wp\/v2\/categories?post=340275"},{"taxonomy":"post_tag","embeddable":true,"href":"https:\/\/www.notibras.com\/site\/wp-json\/wp\/v2\/tags?post=340275"}],"curies":[{"name":"wp","href":"https:\/\/api.w.org\/{rel}","templated":true}]}}