{"id":340293,"date":"2024-11-07T00:09:51","date_gmt":"2024-11-07T03:09:51","guid":{"rendered":"https:\/\/www.notibras.com\/site\/?p=340293"},"modified":"2024-11-07T00:32:33","modified_gmt":"2024-11-07T03:32:33","slug":"stf-da-ok-a-emenda-que-flexibiliza-regime-de-contratacao-de-servidores","status":"publish","type":"post","link":"https:\/\/www.notibras.com\/site\/stf-da-ok-a-emenda-que-flexibiliza-regime-de-contratacao-de-servidores\/","title":{"rendered":"STF d\u00e1 Ok a emenda que flexibiliza regime de contrata\u00e7\u00e3o de servidores"},"content":{"rendered":"<p>O Supremo Tribunal Federal validou nesta quarta-feira (6) a Emenda Constitucional n\u00b0 19, de 1998, norma que flexibilizou o regime jur\u00eddico \u00fanico dos servidores p\u00fablicos e permitiu a contrata\u00e7\u00e3o por meio da Consolida\u00e7\u00e3o das Leis do Trabalho (CLT).<\/p>\n<p>O caso estava em tramita\u00e7\u00e3o havia 24 anos e chegou \u00e0 Corte por meio de a\u00e7\u00f5es protocoladas pelo PT, PDT, PC do B e PSB, legendas que faziam oposi\u00e7\u00e3o ao ent\u00e3o presidente Fernando Henrique Cardoso.<\/p>\n<p>Os partidos argumentaram que a emenda n\u00e3o seguiu a correta tramita\u00e7\u00e3o legislativa no Congresso, sendo modificada no Senado e n\u00e3o retornando para delibera\u00e7\u00e3o da C\u00e2mara.<\/p>\n<p>Os ministros finalizaram o julgamento e entenderam que a emenda \u00e9 constitucional e as mudan\u00e7as provocadas s\u00e3o v\u00e1lidas para futuras contrata\u00e7\u00f5es, sem efeito sobre os atuais servidores.<\/p>\n<p>O texto original da Constitui\u00e7\u00e3o de 1988 obrigava o governo federal, os estados e munic\u00edpios a criarem um regime jur\u00eddico \u00fanico para seus servidores, que s\u00f3 poderiam ser contratados pela modalidade estatut\u00e1ria. O regime deveria ser aplicado nas autarquias, na administra\u00e7\u00e3o p\u00fablica direta e funda\u00e7\u00f5es.<\/p>\n","protected":false},"excerpt":{"rendered":"<p>O Supremo Tribunal Federal validou nesta quarta-feira (6) a Emenda Constitucional n\u00b0 19, de 1998, norma que flexibilizou o regime jur\u00eddico \u00fanico dos servidores p\u00fablicos e permitiu a contrata\u00e7\u00e3o por meio da Consolida\u00e7\u00e3o das Leis do Trabalho (CLT). O caso estava em tramita\u00e7\u00e3o havia 24 anos e chegou \u00e0 Corte por meio de a\u00e7\u00f5es protocoladas [&hellip;]<\/p>\n","protected":false},"author":2,"featured_media":301487,"comment_status":"closed","ping_status":"closed","sticky":false,"template":"","format":"standard","meta":{"_acf_changed":false,"footnotes":""},"categories":[161],"tags":[],"class_list":["post-340293","post","type-post","status-publish","format-standard","has-post-thumbnail","hentry","category-quadradinho-em-foco"],"acf":[],"_links":{"self":[{"href":"https:\/\/www.notibras.com\/site\/wp-json\/wp\/v2\/posts\/340293","targetHints":{"allow":["GET"]}}],"collection":[{"href":"https:\/\/www.notibras.com\/site\/wp-json\/wp\/v2\/posts"}],"about":[{"href":"https:\/\/www.notibras.com\/site\/wp-json\/wp\/v2\/types\/post"}],"author":[{"embeddable":true,"href":"https:\/\/www.notibras.com\/site\/wp-json\/wp\/v2\/users\/2"}],"replies":[{"embeddable":true,"href":"https:\/\/www.notibras.com\/site\/wp-json\/wp\/v2\/comments?post=340293"}],"version-history":[{"count":1,"href":"https:\/\/www.notibras.com\/site\/wp-json\/wp\/v2\/posts\/340293\/revisions"}],"predecessor-version":[{"id":340294,"href":"https:\/\/www.notibras.com\/site\/wp-json\/wp\/v2\/posts\/340293\/revisions\/340294"}],"wp:featuredmedia":[{"embeddable":true,"href":"https:\/\/www.notibras.com\/site\/wp-json\/wp\/v2\/media\/301487"}],"wp:attachment":[{"href":"https:\/\/www.notibras.com\/site\/wp-json\/wp\/v2\/media?parent=340293"}],"wp:term":[{"taxonomy":"category","embeddable":true,"href":"https:\/\/www.notibras.com\/site\/wp-json\/wp\/v2\/categories?post=340293"},{"taxonomy":"post_tag","embeddable":true,"href":"https:\/\/www.notibras.com\/site\/wp-json\/wp\/v2\/tags?post=340293"}],"curies":[{"name":"wp","href":"https:\/\/api.w.org\/{rel}","templated":true}]}}