{"id":340295,"date":"2024-11-07T00:01:28","date_gmt":"2024-11-07T03:01:28","guid":{"rendered":"https:\/\/www.notibras.com\/site\/?p=340295"},"modified":"2024-11-07T00:43:58","modified_gmt":"2024-11-07T03:43:58","slug":"acao-do-unicef-reduz-indice-de-abandono-da-escola-por-criancas","status":"publish","type":"post","link":"https:\/\/www.notibras.com\/site\/acao-do-unicef-reduz-indice-de-abandono-da-escola-por-criancas\/","title":{"rendered":"A\u00e7\u00e3o do Unicef reduz \u00edndice de abandono da escola por crian\u00e7as"},"content":{"rendered":"<p>O Fundo das Na\u00e7\u00f5es Unidas para a Inf\u00e2ncia no Brasil (Unicef) revelou, nesta quarta-feira (6), as 923 cidades das regi\u00f5es Nordeste e Norte, al\u00e9m do norte de Minas Gerais e Mato Grosso, que mais melhoraram as pol\u00edticas p\u00fablicas municipais voltadas a crian\u00e7as e adolescentes, entre 2021 e 2024. Essas cidades, onde vivem mais de 8 milh\u00f5es de crian\u00e7as e adolescentes at\u00e9 19 anos, avan\u00e7aram mais do que a m\u00e9dia nacional em diversas \u00e1reas, gerando impactos positivos para a inf\u00e2ncia e adolesc\u00eancia. Por essa raz\u00e3o, conquistaram o Selo Unicef.<\/p>\n<p>A certifica\u00e7\u00e3o da Unicef estimula e reconhece avan\u00e7os reais e positivos na promo\u00e7\u00e3o, realiza\u00e7\u00e3o e garantia dos direitos de crian\u00e7as e adolescentes em munic\u00edpios do Semi\u00e1rido e da Amaz\u00f4nia Legal brasileira.<\/p>\n<p>Para chegar a bons resultados, as cidades premiadas se empenharam em cuidar bem da primeira inf\u00e2ncia e da adolesc\u00eancia; melhorar a educa\u00e7\u00e3o \u2013 da creche at\u00e9 a transi\u00e7\u00e3o de jovens para o mundo do trabalho \u2013; investir na sa\u00fade f\u00edsica e mental de meninas e meninos; promover h\u00e1bitos de higiene e acesso \u00e0 \u00e1gua limpa; proteger crian\u00e7as e adolescentes de viol\u00eancias; e garantir a prote\u00e7\u00e3o social \u00e0s fam\u00edlias vulner\u00e1veis, em especial aquelas oriundas de povos e comunidades tradicionais.<\/p>\n<p>Ap\u00f3s quatro anos, essas 923 cidades conseguiram melhorar mais do que a m\u00e9dia nacional em diferentes \u00e1reas, com destaque para: imuniza\u00e7\u00e3o, educa\u00e7\u00e3o e prote\u00e7\u00e3o contra viol\u00eancias.<\/p>\n<p>\u201cN\u00e3o estamos falando das cidades com os melhores indicadores, mas das cidades que mais melhoraram em rela\u00e7\u00e3o \u00e0 situa\u00e7\u00e3o em que elas estavam em 2021. O Unicef comemora esse avan\u00e7o de cidades em regi\u00f5es vulner\u00e1veis que conseguiram tirar o atraso e melhorar mais. Com o apoio do Unicef, esses munic\u00edpios conseguiram trazer mais efici\u00eancia para a sua gest\u00e3o em diferentes \u00e1reas ligadas aos direitos da inf\u00e2ncia e adolesc\u00eancia, passando a cumprir de forma mais eficiente o que j\u00e1 \u00e9 um dever do poder p\u00fablico\u201d, explica Youssouf Abdel-Jelil, representante do Unicef no Brasil.<\/p>\n<p>\u201cO que estamos fazendo nas regi\u00f5es Norte e Nordeste \u00e9 um trabalho de larga escala visando \u00e0 garantia de direitos fundamentais para milhares de meninos e meninas. \u00c9 importante que essas cidades continuem se desenvolvendo e evoluindo para que crian\u00e7as e adolescentes que l\u00e1 vivem possam ter uma trajet\u00f3ria plena, com oportunidades, protegidos e tendo melhores condi\u00e7\u00f5es para viver\u201d, complementa Youssouf Abdel-Jelil.<\/p>\n<p><strong>Crian\u00e7as imunizadas<\/strong><br \/>\nCoberturas vacinais melhoram mais nos 923 munic\u00edpios certificados com o Selo Unicef, em compara\u00e7\u00e3o \u00e0 m\u00e9dia nacional. Enquanto, no Brasil, de 2020 a 2023, as coberturas da Tr\u00edplice Viral D2 aumentaram 2,6% (de 64,27% para 65,91%), nos munic\u00edpios certificados o aumento foi de 17,7% (de 56,4% para 66,4%).<\/p>\n<p>\u201cAp\u00f3s anos de queda nas coberturas vacinais infantis, a retomada da imuniza\u00e7\u00e3o merece ser comemorada. Vacinas criam uma barreira protetora para toda a comunidade, impedindo que diversas doen\u00e7as cheguem \u00e0 popula\u00e7\u00e3o. Vimos, nos munic\u00edpios que agora recebem o Selo Unicef, grandes esfor\u00e7os que ultrapassaram os muros das unidades b\u00e1sicas de sa\u00fade e alcan\u00e7aram escolas, CRAS e outros espa\u00e7os e equipamentos p\u00fablicos. Os dados nos mostram que ainda h\u00e1 muito a fazer para chegar aos 95% de cobertura previstos pela Organiza\u00e7\u00e3o Mundial de Sa\u00fade (OMS). Mas estamos no caminho certo\u201d, diz Luciana Phebo, chefe de Sa\u00fade do Unicef no Brasil.<\/p>\n<p><strong>Crian\u00e7as na escola<\/strong><br \/>\nO abandono escolar caiu mais nos munic\u00edpios certificados pelo Selo Unicef em compara\u00e7\u00e3o \u00e0 m\u00e9dia nacional. No Brasil, de 2019 a 2023, o abandono escolar caiu 38%, passando de 1,3% para 0,8%. J\u00e1 nos 923 munic\u00edpios certificados, a queda foi maior: 47% (saindo de 1,7% e chegando a 0,9%).<\/p>\n<p>\u201cH\u00e1, no Brasil, uma naturaliza\u00e7\u00e3o do fracasso escolar, fazendo com que a sociedade aceite que um perfil espec\u00edfico de estudante abandone a escola, ingresse de forma prec\u00e1ria no mundo do trabalho ou na criminalidade, se mantenha na pobreza e esteja mais suscet\u00edvel \u00e0s diversas viol\u00eancias, incluindo os homic\u00eddios. Quando vemos cidades reduzindo o abandono escolar, estamos diante de um resultado potente, capaz de garantir que mais e mais meninas e meninos tenham trajet\u00f3rias de sucesso, com direitos garantidos\u201d, afirma M\u00f4nica Dias Pinto, chefe de Educa\u00e7\u00e3o do Unicef no Brasil.<\/p>\n<p><strong>Crian\u00e7as protegidas<\/strong><br \/>\nPara proteger crian\u00e7as e adolescentes, existe um sistema de registro e encaminhamento de casos pelos conselheiros tutelares, chamado Sistema de Informa\u00e7\u00e3o para Inf\u00e2ncia e Adolesc\u00eancia (Sipia), que est\u00e1 dispon\u00edvel em todo o pa\u00eds, mas que nem sempre \u00e9 utilizado, segundo o fundo.<\/p>\n<p>A ades\u00e3o e o uso adequado do Sipia estavam entre as a\u00e7\u00f5es que os munic\u00edpios que agora recebem o Selo Unicef deveriam realizar. Nas cidades certificadas, o n\u00famero de registros de casos de viol\u00eancias contra crian\u00e7as e adolescentes feitos no Sipia aumentou mais de 60 vezes, passando de 1.775 em 2020 para 109.947 em 2023. O crescimento \u00e9 expressivamente maior do que a m\u00e9dia nacional. No mesmo per\u00edodo, nacionalmente, os registros aumentaram cerca de 5 vezes (de 118.995 para 578.859).<\/p>\n<p>\u201cTirar a viol\u00eancia da invisibilidade \u00e9 o primeiro passo para proteger crian\u00e7as e adolescentes. Os avan\u00e7os nos registros de casos mostram que havia milhares de meninas e meninos sofrendo diferentes tipos de viol\u00eancia, sem que o poder p\u00fablico soubesse e pudesse atuar. Com esses casos registrados, toda uma rede de prote\u00e7\u00e3o pode ser acionada\u201d, explica Vanessa Wirth, chefe interina de prote\u00e7\u00e3o \u00e0 crian\u00e7a do Unicef no Brasil.<\/p>\n","protected":false},"excerpt":{"rendered":"<p>O Fundo das Na\u00e7\u00f5es Unidas para a Inf\u00e2ncia no Brasil (Unicef) revelou, nesta quarta-feira (6), as 923 cidades das regi\u00f5es Nordeste e Norte, al\u00e9m do norte de Minas Gerais e Mato Grosso, que mais melhoraram as pol\u00edticas p\u00fablicas municipais voltadas a crian\u00e7as e adolescentes, entre 2021 e 2024. Essas cidades, onde vivem mais de 8 [&hellip;]<\/p>\n","protected":false},"author":2,"featured_media":340296,"comment_status":"closed","ping_status":"closed","sticky":false,"template":"","format":"standard","meta":{"_acf_changed":false,"footnotes":""},"categories":[165],"tags":[],"class_list":["post-340295","post","type-post","status-publish","format-standard","has-post-thumbnail","hentry","category-nordeste"],"acf":[],"_links":{"self":[{"href":"https:\/\/www.notibras.com\/site\/wp-json\/wp\/v2\/posts\/340295","targetHints":{"allow":["GET"]}}],"collection":[{"href":"https:\/\/www.notibras.com\/site\/wp-json\/wp\/v2\/posts"}],"about":[{"href":"https:\/\/www.notibras.com\/site\/wp-json\/wp\/v2\/types\/post"}],"author":[{"embeddable":true,"href":"https:\/\/www.notibras.com\/site\/wp-json\/wp\/v2\/users\/2"}],"replies":[{"embeddable":true,"href":"https:\/\/www.notibras.com\/site\/wp-json\/wp\/v2\/comments?post=340295"}],"version-history":[{"count":1,"href":"https:\/\/www.notibras.com\/site\/wp-json\/wp\/v2\/posts\/340295\/revisions"}],"predecessor-version":[{"id":340297,"href":"https:\/\/www.notibras.com\/site\/wp-json\/wp\/v2\/posts\/340295\/revisions\/340297"}],"wp:featuredmedia":[{"embeddable":true,"href":"https:\/\/www.notibras.com\/site\/wp-json\/wp\/v2\/media\/340296"}],"wp:attachment":[{"href":"https:\/\/www.notibras.com\/site\/wp-json\/wp\/v2\/media?parent=340295"}],"wp:term":[{"taxonomy":"category","embeddable":true,"href":"https:\/\/www.notibras.com\/site\/wp-json\/wp\/v2\/categories?post=340295"},{"taxonomy":"post_tag","embeddable":true,"href":"https:\/\/www.notibras.com\/site\/wp-json\/wp\/v2\/tags?post=340295"}],"curies":[{"name":"wp","href":"https:\/\/api.w.org\/{rel}","templated":true}]}}