{"id":340324,"date":"2024-11-07T00:01:25","date_gmt":"2024-11-07T03:01:25","guid":{"rendered":"https:\/\/www.notibras.com\/site\/?p=340324"},"modified":"2024-11-07T02:45:13","modified_gmt":"2024-11-07T05:45:13","slug":"mulher-assassinada-a-tiros-dentro-de-casa-em-camacari","status":"publish","type":"post","link":"https:\/\/www.notibras.com\/site\/mulher-assassinada-a-tiros-dentro-de-casa-em-camacari\/","title":{"rendered":"Mulher assassinada a tiros dentro de casa em Cama\u00e7ari"},"content":{"rendered":"<p>Uma mulher foi morta a tiros na tarde de quarta-feira (6) dentro de sua resid\u00eancia no bairro de Burisatuba, em Cama\u00e7ari, Regi\u00e3o Metropolitana de Salvador.<\/p>\n<p>A v\u00edtima, identificada como Valdelice Sales dos Santos, foi surpreendida por dois homens que chegaram ao local em uma motocicleta, dispararam contra ela e fugiram imediatamente.<\/p>\n<p>A Pol\u00edcia Civil informou que, ap\u00f3s den\u00fancias de vizinhos que ouviram os tiros, agentes foram acionados e encontraram a v\u00edtima sem vida. At\u00e9 o momento, n\u00e3o h\u00e1 informa\u00e7\u00f5es sobre a autoria ou a motiva\u00e7\u00e3o do crime.<\/p>\n<p>A 4\u00aa Delegacia de Homic\u00eddios de Cama\u00e7ari est\u00e1 \u00e0 frente das investiga\u00e7\u00f5es e afirmou que testemunhas ser\u00e3o ouvidas e outras dilig\u00eancias realizadas para elucidar o caso.<\/p>\n","protected":false},"excerpt":{"rendered":"<p>Uma mulher foi morta a tiros na tarde de quarta-feira (6) dentro de sua resid\u00eancia no bairro de Burisatuba, em Cama\u00e7ari, Regi\u00e3o Metropolitana de Salvador. A v\u00edtima, identificada como Valdelice Sales dos Santos, foi surpreendida por dois homens que chegaram ao local em uma motocicleta, dispararam contra ela e fugiram imediatamente. A Pol\u00edcia Civil informou [&hellip;]<\/p>\n","protected":false},"author":2,"featured_media":340325,"comment_status":"closed","ping_status":"closed","sticky":false,"template":"","format":"standard","meta":{"_acf_changed":false,"footnotes":""},"categories":[165],"tags":[],"class_list":["post-340324","post","type-post","status-publish","format-standard","has-post-thumbnail","hentry","category-nordeste"],"acf":[],"_links":{"self":[{"href":"https:\/\/www.notibras.com\/site\/wp-json\/wp\/v2\/posts\/340324","targetHints":{"allow":["GET"]}}],"collection":[{"href":"https:\/\/www.notibras.com\/site\/wp-json\/wp\/v2\/posts"}],"about":[{"href":"https:\/\/www.notibras.com\/site\/wp-json\/wp\/v2\/types\/post"}],"author":[{"embeddable":true,"href":"https:\/\/www.notibras.com\/site\/wp-json\/wp\/v2\/users\/2"}],"replies":[{"embeddable":true,"href":"https:\/\/www.notibras.com\/site\/wp-json\/wp\/v2\/comments?post=340324"}],"version-history":[{"count":3,"href":"https:\/\/www.notibras.com\/site\/wp-json\/wp\/v2\/posts\/340324\/revisions"}],"predecessor-version":[{"id":340328,"href":"https:\/\/www.notibras.com\/site\/wp-json\/wp\/v2\/posts\/340324\/revisions\/340328"}],"wp:featuredmedia":[{"embeddable":true,"href":"https:\/\/www.notibras.com\/site\/wp-json\/wp\/v2\/media\/340325"}],"wp:attachment":[{"href":"https:\/\/www.notibras.com\/site\/wp-json\/wp\/v2\/media?parent=340324"}],"wp:term":[{"taxonomy":"category","embeddable":true,"href":"https:\/\/www.notibras.com\/site\/wp-json\/wp\/v2\/categories?post=340324"},{"taxonomy":"post_tag","embeddable":true,"href":"https:\/\/www.notibras.com\/site\/wp-json\/wp\/v2\/tags?post=340324"}],"curies":[{"name":"wp","href":"https:\/\/api.w.org\/{rel}","templated":true}]}}