{"id":340331,"date":"2024-11-07T00:06:19","date_gmt":"2024-11-07T03:06:19","guid":{"rendered":"https:\/\/www.notibras.com\/site\/?p=340331"},"modified":"2024-11-07T02:59:31","modified_gmt":"2024-11-07T05:59:31","slug":"baiano-bom-de-letra-ve-crescer-interesse-por-livros","status":"publish","type":"post","link":"https:\/\/www.notibras.com\/site\/baiano-bom-de-letra-ve-crescer-interesse-por-livros\/","title":{"rendered":"Baiano bom de letra v\u00ea crescer interesse por livros"},"content":{"rendered":"<p>Com a marca de 1 milh\u00e3o de livros vendidos, o escritor baiano Itamar Vieira Junior acredita que a tese de que o brasileiro n\u00e3o se interessa por livros ou leituras \u00e9 um mito. Ele conversou antes de participar da Festa Liter\u00e1ria Internacional de Maric\u00e1 (Flim), na regi\u00e3o metropolitana do Rio, que receber\u00e1 visitantes at\u00e9 o dia 10 de novembro.<\/p>\n<p>Para o autor, a participa\u00e7\u00e3o do p\u00fablico brasileiro em eventos e feiras liter\u00e1rias vem crescendo. &#8220;Isso mostra o interesse do brasileiro pela leitura, por este encontro com o autor e cai por terra esse mito de que o brasileiro n\u00e3o se interessa por literatura e por livros. Estas feiras s\u00e3o importantes porque \u00e0s vezes elas chegam em cidades que n\u00e3o t\u00eam uma livraria, ou n\u00e3o t\u00eam uma biblioteca.&#8221;, afirmou.<\/p>\n<p>Ele tamb\u00e9m destacou a proximidade de seus personagens com os brasileiros e garantiu que prepara um novo romance para ser lan\u00e7ado em breve. \u201cA gente s\u00f3 precisa falar da gente mesmo. Ent\u00e3o, olhar para n\u00f3s mesmos. Isso \u00e9 que \u00e9 importante. Acho que \u00e9 dessa maneira que a gente vai conquistar mais leitores\u201d.<\/p>\n<p>A marca de 1 milh\u00e3o de livros vendidos no Brasil em cinco anos ser\u00e1 celebrada com o lan\u00e7amento de uma edi\u00e7\u00e3o comemorativa de Torto Arado em capa dura serigrafada, no dia 7 de novembro. Itamar Vieira Junior tamb\u00e9m \u00e9 autor de Salvar o Fogo, de Doramar ou a Odisseia e do livro infantil Chupim.<\/p>\n<p>Itamar Vieira Junior, que nasceu em Salvador, na Bahia, em 1979, \u00e9 ge\u00f3grafo e doutor em estudos \u00e9tnicos e africanos pela Universidade Federal da Bahia (UFBA). Foi vencedor dos pr\u00eamios Leya, Oceanos e Jabuti.<\/p>\n","protected":false},"excerpt":{"rendered":"<p>Com a marca de 1 milh\u00e3o de livros vendidos, o escritor baiano Itamar Vieira Junior acredita que a tese de que o brasileiro n\u00e3o se interessa por livros ou leituras \u00e9 um mito. Ele conversou antes de participar da Festa Liter\u00e1ria Internacional de Maric\u00e1 (Flim), na regi\u00e3o metropolitana do Rio, que receber\u00e1 visitantes at\u00e9 o [&hellip;]<\/p>\n","protected":false},"author":2,"featured_media":340332,"comment_status":"closed","ping_status":"closed","sticky":false,"template":"","format":"standard","meta":{"_acf_changed":false,"footnotes":""},"categories":[165],"tags":[],"class_list":["post-340331","post","type-post","status-publish","format-standard","has-post-thumbnail","hentry","category-nordeste"],"acf":[],"_links":{"self":[{"href":"https:\/\/www.notibras.com\/site\/wp-json\/wp\/v2\/posts\/340331","targetHints":{"allow":["GET"]}}],"collection":[{"href":"https:\/\/www.notibras.com\/site\/wp-json\/wp\/v2\/posts"}],"about":[{"href":"https:\/\/www.notibras.com\/site\/wp-json\/wp\/v2\/types\/post"}],"author":[{"embeddable":true,"href":"https:\/\/www.notibras.com\/site\/wp-json\/wp\/v2\/users\/2"}],"replies":[{"embeddable":true,"href":"https:\/\/www.notibras.com\/site\/wp-json\/wp\/v2\/comments?post=340331"}],"version-history":[{"count":1,"href":"https:\/\/www.notibras.com\/site\/wp-json\/wp\/v2\/posts\/340331\/revisions"}],"predecessor-version":[{"id":340333,"href":"https:\/\/www.notibras.com\/site\/wp-json\/wp\/v2\/posts\/340331\/revisions\/340333"}],"wp:featuredmedia":[{"embeddable":true,"href":"https:\/\/www.notibras.com\/site\/wp-json\/wp\/v2\/media\/340332"}],"wp:attachment":[{"href":"https:\/\/www.notibras.com\/site\/wp-json\/wp\/v2\/media?parent=340331"}],"wp:term":[{"taxonomy":"category","embeddable":true,"href":"https:\/\/www.notibras.com\/site\/wp-json\/wp\/v2\/categories?post=340331"},{"taxonomy":"post_tag","embeddable":true,"href":"https:\/\/www.notibras.com\/site\/wp-json\/wp\/v2\/tags?post=340331"}],"curies":[{"name":"wp","href":"https:\/\/api.w.org\/{rel}","templated":true}]}}