{"id":340409,"date":"2024-11-08T06:30:22","date_gmt":"2024-11-08T09:30:22","guid":{"rendered":"https:\/\/www.notibras.com\/site\/?p=340409"},"modified":"2024-11-08T07:03:32","modified_gmt":"2024-11-08T10:03:32","slug":"evento-de-tecnologia-reune-mais-de-80-mil-pessoas-ate-sabado","status":"publish","type":"post","link":"https:\/\/www.notibras.com\/site\/evento-de-tecnologia-reune-mais-de-80-mil-pessoas-ate-sabado\/","title":{"rendered":"Evento de tecnologia re\u00fane mais de 80 mil pessoas at\u00e9 s\u00e1bado"},"content":{"rendered":"<p>O estudante pernambucano Jackson Silva, de 18 anos, do terceiro ano do ensino m\u00e9dio, est\u00e1 ansioso na prepara\u00e7\u00e3o para a segunda prova do Exame Nacional do Ensino M\u00e9dio (Enem) no domingo (10). Al\u00e9m de estudar, resolveu se inspirar. Ele pretende, no final da aula da escola p\u00fablica em que estuda, saber mais da \u00e1rea que deseja cursar: tecnologia da informa\u00e7\u00e3o. E tamb\u00e9m se divertir um pouco como gamer.<\/p>\n<p>O cen\u00e1rio dessa inspira\u00e7\u00e3o \u00e9 o local em que est\u00e1 acostumado a curtir o carnaval em fevereiro. Desta vez, por\u00e9m, \u00e9 outra folia. O tradicional bairro do Recife Antigo recebe, at\u00e9 s\u00e1bado (9), uma programa\u00e7\u00e3o com mais de 600 atividades gratuitas em evento de tecnologia chamado de Festival REC\u2019n\u2019Play, que chega \u00e0 sua sexta edi\u00e7\u00e3o, com o tema \u201cO futuro nos conecta\u201d.<\/p>\n<p>Os organizadores estimam que mais de 80 mil pessoas devem se inscrever para participar do encontro. Somadas, s\u00e3o mais de 1,5 mil horas de atividades voltadas para inova\u00e7\u00e3o, neg\u00f3cios, cultura e entretenimento, com cerca de mil palestrantes e debatedores em pelo menos 70 espa\u00e7os da localidade.<\/p>\n<p>Entre os realizadores do festival est\u00e1 o Porto Digital, uma iniciativa que nasceu h\u00e1 24 anos e que viabilizou a organiza\u00e7\u00e3o de 415 empresas (em geral startups), que hoje empregam 18,4 mil pessoas, que produzem principalmente software. Segundo o presidente do Porto Digital, o professor Pierre Lucena, da Universidade Federal de Pernambuco (UFPE), os produtos realizados t\u00eam impacto social direto, inclusive em comunidades perif\u00e9ricas do estado. \u201cN\u00e3o se faz inova\u00e7\u00e3o sem povo e sem a periferia\u201d, considera. Ele citou o programa de fomento denominado \u201cEmbarque Digital\u201d, parceria com a prefeitura da capital, que viabiliza o benef\u00edcio de 600 bolsas para que pessoas em vulnerabilidade possam estudar tecnologia.<\/p>\n<p>Segundo ele, o REC\u2019n\u2019Play tem o objetivo aproximar o p\u00fablico de temas como tecnologia, inova\u00e7\u00e3o, economia criativa e empreendedorismo. Nesta edi\u00e7\u00e3o, as atividades s\u00e3o divididas nos eixos tem\u00e1ticos das cidades e sociedade, economia criativa, neg\u00f3cios e tecnologia. No primeiro dia do evento, filas se formaram para participar das arenas de gamers e de rob\u00f4s. Espa\u00e7os para desenvolvimentos de neg\u00f3cios tamb\u00e9m foram acessados.<\/p>\n<p>Logo que foi instalado no centro do Recife (a regi\u00e3o que era evitada pelos pontos de drogas e furtos), o projeto passou a atrair novo cen\u00e1rio de participa\u00e7\u00e3o popular. \u201cO Porto Digital tem dois prop\u00f3sitos: o primeiro \u00e9 fazer o restauro do tecido urbano central no bairro do Recife. E o segundo, o de ser esse projeto gerador de emprego e renda.<\/p>\n<p><strong>\u201c\u00c9 poss\u00edvel transformar&#8221;<\/strong><br \/>\nDe acordo com o professor Silvio Meira, em\u00e9rito da UFPE, empreendedor na \u00e1rea de engenharia de software e um dos fundadores do Porto Digital, a iniciativa do evento busca renovar e redesenhar perspectivas para as pessoas no centro hist\u00f3rico do Recife. \u201cCome\u00e7amos (em 2000) com cinco empresas e 46 pessoas. Hoje, s\u00e3o quase 20 mil pessoas trabalhando e cerca de R$ 6 bilh\u00f5es de faturamento. \u00c9 poss\u00edvel transformar os centros das cidades, mas \u00e9 preciso resili\u00eancia e determina\u00e7\u00e3o\u201d, afirma.<\/p>\n<p>Para Meira, a iniciativa ajudou a alterar o cen\u00e1rio urbano no lugar mais precioso da cidade. \u201cA gente precisou fazer um conjunto de opera\u00e7\u00f5es para promover a inova\u00e7\u00e3o, por meio do Porto Digital, para reviver a cidade. \u00c9 isso que voc\u00ea est\u00e1 vendo a\u00ed no meio da rua\u201d.<\/p>\n<p><strong>Desafios<\/strong><br \/>\nApesar dos avan\u00e7os, conforme Pierre Lucena, as novas empresas de tecnologia t\u00eam uma s\u00e9rie de desafios. Ele considera que um dos principais \u00e9 a forma\u00e7\u00e3o de trabalhadores. Outro \u00e9 a atua\u00e7\u00e3o por um modelo de neg\u00f3cio adequado para a forma\u00e7\u00e3o de mercado<\/p>\n<p>Diante do mercado em expans\u00e3o, Lucena entende que n\u00e3o h\u00e1 d\u00favida de que, nos pr\u00f3ximos anos, o setor permane\u00e7a em crescimento, inclusive tendo em vista a necessidade de permanente atualiza\u00e7\u00e3o dos profissionais, como \u00e9 o caso das din\u00e2micas de a\u00e7\u00e3o das empresas de intelig\u00eancia artificial. \u201cPara o pr\u00f3prio mercado de tecnologia, um dos grandes desafios que a gente tem agora \u00e9 treinar capital humano\u201d, diz.<\/p>\n<p><strong>Projeto nacional<\/strong><br \/>\nEle identifica a necessidade de mais institui\u00e7\u00f5es de ensino superior e tamb\u00e9m de t\u00e9cnicas e profissionalizantes para oferecerem mais vagas. \u201cNos cursos presenciais no Brasil todo, s\u00f3 29 mil pessoas s\u00e3o formadas em cursos de tecnologia da informa\u00e7\u00e3o por ano. O curso de direito forma mais de 110 mil. Esse \u00e9 um problema fundamental: a aus\u00eancia de um projeto nacional de forma\u00e7\u00e3o para a \u00e1rea\u201d, disse Pierre Lucena.<\/p>\n<p>Ele lembra que em pa\u00edses como a \u00cdndia e Portugal aulas de programa\u00e7\u00e3o s\u00e3o trabalhadas desde a inf\u00e2ncia. O professor considera que se trata de um promissor campo de trabalho e pesquisa para quem desejar ingressar no curso. Para Lucena os campos das plataformas de intelig\u00eancia artificial ou mesmo de seguran\u00e7a cibern\u00e9tica podem ser promissores para o futuro da tecnologia.<\/p>\n","protected":false},"excerpt":{"rendered":"<p>O estudante pernambucano Jackson Silva, de 18 anos, do terceiro ano do ensino m\u00e9dio, est\u00e1 ansioso na prepara\u00e7\u00e3o para a segunda prova do Exame Nacional do Ensino M\u00e9dio (Enem) no domingo (10). Al\u00e9m de estudar, resolveu se inspirar. Ele pretende, no final da aula da escola p\u00fablica em que estuda, saber mais da \u00e1rea que [&hellip;]<\/p>\n","protected":false},"author":2,"featured_media":340410,"comment_status":"closed","ping_status":"closed","sticky":false,"template":"","format":"standard","meta":{"_acf_changed":false,"footnotes":""},"categories":[165],"tags":[],"class_list":["post-340409","post","type-post","status-publish","format-standard","has-post-thumbnail","hentry","category-nordeste"],"acf":[],"_links":{"self":[{"href":"https:\/\/www.notibras.com\/site\/wp-json\/wp\/v2\/posts\/340409","targetHints":{"allow":["GET"]}}],"collection":[{"href":"https:\/\/www.notibras.com\/site\/wp-json\/wp\/v2\/posts"}],"about":[{"href":"https:\/\/www.notibras.com\/site\/wp-json\/wp\/v2\/types\/post"}],"author":[{"embeddable":true,"href":"https:\/\/www.notibras.com\/site\/wp-json\/wp\/v2\/users\/2"}],"replies":[{"embeddable":true,"href":"https:\/\/www.notibras.com\/site\/wp-json\/wp\/v2\/comments?post=340409"}],"version-history":[{"count":1,"href":"https:\/\/www.notibras.com\/site\/wp-json\/wp\/v2\/posts\/340409\/revisions"}],"predecessor-version":[{"id":340411,"href":"https:\/\/www.notibras.com\/site\/wp-json\/wp\/v2\/posts\/340409\/revisions\/340411"}],"wp:featuredmedia":[{"embeddable":true,"href":"https:\/\/www.notibras.com\/site\/wp-json\/wp\/v2\/media\/340410"}],"wp:attachment":[{"href":"https:\/\/www.notibras.com\/site\/wp-json\/wp\/v2\/media?parent=340409"}],"wp:term":[{"taxonomy":"category","embeddable":true,"href":"https:\/\/www.notibras.com\/site\/wp-json\/wp\/v2\/categories?post=340409"},{"taxonomy":"post_tag","embeddable":true,"href":"https:\/\/www.notibras.com\/site\/wp-json\/wp\/v2\/tags?post=340409"}],"curies":[{"name":"wp","href":"https:\/\/api.w.org\/{rel}","templated":true}]}}