{"id":340412,"date":"2024-11-08T00:08:09","date_gmt":"2024-11-08T03:08:09","guid":{"rendered":"https:\/\/www.notibras.com\/site\/?p=340412"},"modified":"2024-11-08T07:11:39","modified_gmt":"2024-11-08T10:11:39","slug":"mais-de-120-bocas-de-lobo-limpas-em-tres-semanas","status":"publish","type":"post","link":"https:\/\/www.notibras.com\/site\/mais-de-120-bocas-de-lobo-limpas-em-tres-semanas\/","title":{"rendered":"Mais de 120 bocas de lobo limpas em tr\u00eas semanas"},"content":{"rendered":"<p>Em apenas tr\u00eas semanas, mais de 120 bocas de lobo foram limpas e desobstru\u00eddas por equipes da Administra\u00e7\u00e3o Regional do Plano Piloto, que retirou folhas, embalagens pl\u00e1sticas e mat\u00e9ria org\u00e2nica dos bueiros \u2013 no total, s\u00e3o 5 toneladas de lixo e material org\u00e2nico descartadas corretamente.<\/p>\n<p>O servi\u00e7o foi intensificado no per\u00edodo chuvoso, sendo executado regularmente para garantir o escoamento das \u00e1guas pluviais e impedir que o material s\u00f3lido retido durante as chuvas seja levado para os ramais e galerias. A limpeza segue um cronograma baseado nas principais demandas da regi\u00e3o.<\/p>\n<p>O administrador do Plano Piloto, Bruno Ol\u00edmpio, relata que as equipes atuam diretamente; ao mesmo tempo, lembra ser importante que a popula\u00e7\u00e3o participe. \u201cEvitar o descarte de lixo e entulho nas ruas e nos bueiros \u00e9 fundamental para manter o sistema de drenagem funcionando eficazmente\u201d, afirma. \u201cA colabora\u00e7\u00e3o da comunidade \u00e9 essencial para evitar transtornos causados pelas chuvas\u201d.<\/p>\n<p>O comerciante da 407 Sul Fellipe Coursino, 44, refor\u00e7a o apelo do administrador: \u201c\u00c9 necess\u00e1rio que a popula\u00e7\u00e3o ajude com esse trabalho. Tem muita gente que produz o lixo e joga de forma inadequada; e, com as chuvas, tudo vai parar nos bueiros\u201d.<\/p>\n<p>Na Asa Sul, foram desobstru\u00eddas bocas de lobo nas quadras 701, 102, 302, 106, 706, 906 107, 408, 309, 211, 712, 113, 213, 515, 715, 716 e 916 e nas vias L2 Sul, W4 Sul, Eixo W Sul e Setor Hoteleiro Sul. J\u00e1 a Asa Norte recebeu os servi\u00e7os nas quadras 601, 403, 306, 407, 411 e 312, al\u00e9m de L2 Norte, W4 Sul e Eixo W Norte. O Noroeste, por sua vez, foi alvo da a\u00e7\u00e3o nas quadras 102,103, 306, 307, 309 e 310.<\/p>\n<p>Veja, abaixo, dicas para colaborar com a limpeza:<\/p>\n<p>\u21d2 Acondicione corretamente os res\u00edduos s\u00f3lidos em sacos pl\u00e1sticos resistentes<br \/>\n\u21d2 Observe os dias e o hor\u00e1rio da coleta de res\u00edduos, evitando exposi\u00e7\u00e3o prolongada nas lixeiras<br \/>\n\u21d2 N\u00e3o jogue lixo em vias p\u00fablicas, cal\u00e7adas e terrenos p\u00fablicos<\/p>\n","protected":false},"excerpt":{"rendered":"<p>Em apenas tr\u00eas semanas, mais de 120 bocas de lobo foram limpas e desobstru\u00eddas por equipes da Administra\u00e7\u00e3o Regional do Plano Piloto, que retirou folhas, embalagens pl\u00e1sticas e mat\u00e9ria org\u00e2nica dos bueiros \u2013 no total, s\u00e3o 5 toneladas de lixo e material org\u00e2nico descartadas corretamente. O servi\u00e7o foi intensificado no per\u00edodo chuvoso, sendo executado regularmente [&hellip;]<\/p>\n","protected":false},"author":2,"featured_media":340413,"comment_status":"closed","ping_status":"closed","sticky":false,"template":"","format":"standard","meta":{"_acf_changed":false,"footnotes":""},"categories":[161],"tags":[],"class_list":["post-340412","post","type-post","status-publish","format-standard","has-post-thumbnail","hentry","category-quadradinho-em-foco"],"acf":[],"_links":{"self":[{"href":"https:\/\/www.notibras.com\/site\/wp-json\/wp\/v2\/posts\/340412","targetHints":{"allow":["GET"]}}],"collection":[{"href":"https:\/\/www.notibras.com\/site\/wp-json\/wp\/v2\/posts"}],"about":[{"href":"https:\/\/www.notibras.com\/site\/wp-json\/wp\/v2\/types\/post"}],"author":[{"embeddable":true,"href":"https:\/\/www.notibras.com\/site\/wp-json\/wp\/v2\/users\/2"}],"replies":[{"embeddable":true,"href":"https:\/\/www.notibras.com\/site\/wp-json\/wp\/v2\/comments?post=340412"}],"version-history":[{"count":2,"href":"https:\/\/www.notibras.com\/site\/wp-json\/wp\/v2\/posts\/340412\/revisions"}],"predecessor-version":[{"id":340415,"href":"https:\/\/www.notibras.com\/site\/wp-json\/wp\/v2\/posts\/340412\/revisions\/340415"}],"wp:featuredmedia":[{"embeddable":true,"href":"https:\/\/www.notibras.com\/site\/wp-json\/wp\/v2\/media\/340413"}],"wp:attachment":[{"href":"https:\/\/www.notibras.com\/site\/wp-json\/wp\/v2\/media?parent=340412"}],"wp:term":[{"taxonomy":"category","embeddable":true,"href":"https:\/\/www.notibras.com\/site\/wp-json\/wp\/v2\/categories?post=340412"},{"taxonomy":"post_tag","embeddable":true,"href":"https:\/\/www.notibras.com\/site\/wp-json\/wp\/v2\/tags?post=340412"}],"curies":[{"name":"wp","href":"https:\/\/api.w.org\/{rel}","templated":true}]}}