{"id":340419,"date":"2024-11-08T00:00:37","date_gmt":"2024-11-08T03:00:37","guid":{"rendered":"https:\/\/www.notibras.com\/site\/?p=340419"},"modified":"2024-11-08T07:26:02","modified_gmt":"2024-11-08T10:26:02","slug":"acao-no-cruzeiro-atende-sete-pessoas-em-situacao-de-rua","status":"publish","type":"post","link":"https:\/\/www.notibras.com\/site\/acao-no-cruzeiro-atende-sete-pessoas-em-situacao-de-rua\/","title":{"rendered":"A\u00e7\u00e3o no Cruzeiro atende sete pessoas em situa\u00e7\u00e3o de rua"},"content":{"rendered":"<p>Nesta quinta-feira (7), as a\u00e7\u00f5es de acolhimento que integram o Plano de A\u00e7\u00e3o para a Efetiva\u00e7\u00e3o da Pol\u00edtica Distrital para a Popula\u00e7\u00e3o em Situa\u00e7\u00e3o de Rua ocorreram no Cruzeiro, coordenadas pela Casa Civil do Governo do Distrito Federal (GDF). As equipes passaram em oito pontos distintos e sete pessoas receberam atendimentos das secretarias presentes. Tr\u00eas caminh\u00f5es foram utilizados para retirada de entulho e materiais considerados inserv\u00edveis.<\/p>\n<p>\u201cAs a\u00e7\u00f5es mostram o comprometimento de todos os \u00f3rg\u00e3os do Distrito Federal com a nossa pol\u00edtica distrital para acolhimento das pessoas que est\u00e3o em situa\u00e7\u00e3o de rua. Trabalhamos de forma que todos, sem exce\u00e7\u00e3o, tenham vida digna na capital do pa\u00eds, com emprego, moradia e sa\u00fade\u201d, destaca o secret\u00e1rio da Casa Civil, Gustavo Rocha.<\/p>\n<p>Desde maio, as equipes de acolhimento passaram por regi\u00f5es das asas Sul e Norte, Vila Planalto, Taguatinga Norte e Sul, Ceil\u00e2ndia, \u00c1guas Claras, Arniqueira, Guar\u00e1, Octogonal, Sudoeste, Gama, Sobradinho e S\u00e3o Sebasti\u00e3o. As a\u00e7\u00f5es seguem as diretrizes do Plano de A\u00e7\u00e3o para a Efetiva\u00e7\u00e3o da Pol\u00edtica Distrital para a Popula\u00e7\u00e3o em Situa\u00e7\u00e3o de Rua do DF.<\/p>\n<p>Participam das abordagens profissionais das secretarias de Desenvolvimento Social (Sedes-DF), Sa\u00fade (SES-DF), Educa\u00e7\u00e3o (SEEDF), Desenvolvimento Econ\u00f4mico, Trabalho e Renda (Sedet-DF), Seguran\u00e7a P\u00fablica (SSP-DF), Prote\u00e7\u00e3o da Ordem Urban\u00edstica (DF Legal) e Justi\u00e7a e Cidadania (Sejus-DF), al\u00e9m do Servi\u00e7o de Limpeza Urbana (SLU), da Companhia Urbanizadora da Nova Capital (Novacap), da Companhia de Desenvolvimento Habitacional (Codhab), do Departamento de Tr\u00e2nsito (Detran), das pol\u00edcias Militar e Civil, do Corpo de Bombeiros Militar e do Conselho Tutelar.<\/p>\n<p><strong>Pol\u00edtica p\u00fablica<\/strong><br \/>\nO Distrito Federal foi a primeira unidade da Federa\u00e7\u00e3o a apresentar um plano de pol\u00edtica p\u00fablica ap\u00f3s a suspens\u00e3o, pelo Supremo Tribunal Federal, das a\u00e7\u00f5es de abordagem \u00e0 popula\u00e7\u00e3o de rua no \u00faltimo ano. Os trabalhos de acolhimento come\u00e7aram a ser implementados ap\u00f3s uma fase de testes em maio, quando o GDF realizou visitas na Asa Sul e em Taguatinga, atendendo cerca de 50 pessoas com assist\u00eancia social e oferta de servi\u00e7os p\u00fablicos.<\/p>\n<p>Durante as abordagens, o GDF oferece servi\u00e7os de sa\u00fade, educa\u00e7\u00e3o, assist\u00eancia social \u2013 incluindo vagas em abrigos \u2013, orienta\u00e7\u00e3o sobre tratamento a animais dom\u00e9sticos, benef\u00edcios como deslocamento interestadual e um b\u00f4nus de R$ 600 para aqueles que n\u00e3o conseguem arcar com aluguel. Tamb\u00e9m s\u00e3o ofertadas pol\u00edticas p\u00fablicas, como vagas no programa de qualifica\u00e7\u00e3o profissional RenovaDF e cadastramento para unidades habitacionais.<\/p>\n","protected":false},"excerpt":{"rendered":"<p>Nesta quinta-feira (7), as a\u00e7\u00f5es de acolhimento que integram o Plano de A\u00e7\u00e3o para a Efetiva\u00e7\u00e3o da Pol\u00edtica Distrital para a Popula\u00e7\u00e3o em Situa\u00e7\u00e3o de Rua ocorreram no Cruzeiro, coordenadas pela Casa Civil do Governo do Distrito Federal (GDF). As equipes passaram em oito pontos distintos e sete pessoas receberam atendimentos das secretarias presentes. Tr\u00eas [&hellip;]<\/p>\n","protected":false},"author":2,"featured_media":340420,"comment_status":"closed","ping_status":"closed","sticky":false,"template":"","format":"standard","meta":{"_acf_changed":false,"footnotes":""},"categories":[161],"tags":[],"class_list":["post-340419","post","type-post","status-publish","format-standard","has-post-thumbnail","hentry","category-quadradinho-em-foco"],"acf":[],"_links":{"self":[{"href":"https:\/\/www.notibras.com\/site\/wp-json\/wp\/v2\/posts\/340419","targetHints":{"allow":["GET"]}}],"collection":[{"href":"https:\/\/www.notibras.com\/site\/wp-json\/wp\/v2\/posts"}],"about":[{"href":"https:\/\/www.notibras.com\/site\/wp-json\/wp\/v2\/types\/post"}],"author":[{"embeddable":true,"href":"https:\/\/www.notibras.com\/site\/wp-json\/wp\/v2\/users\/2"}],"replies":[{"embeddable":true,"href":"https:\/\/www.notibras.com\/site\/wp-json\/wp\/v2\/comments?post=340419"}],"version-history":[{"count":1,"href":"https:\/\/www.notibras.com\/site\/wp-json\/wp\/v2\/posts\/340419\/revisions"}],"predecessor-version":[{"id":340421,"href":"https:\/\/www.notibras.com\/site\/wp-json\/wp\/v2\/posts\/340419\/revisions\/340421"}],"wp:featuredmedia":[{"embeddable":true,"href":"https:\/\/www.notibras.com\/site\/wp-json\/wp\/v2\/media\/340420"}],"wp:attachment":[{"href":"https:\/\/www.notibras.com\/site\/wp-json\/wp\/v2\/media?parent=340419"}],"wp:term":[{"taxonomy":"category","embeddable":true,"href":"https:\/\/www.notibras.com\/site\/wp-json\/wp\/v2\/categories?post=340419"},{"taxonomy":"post_tag","embeddable":true,"href":"https:\/\/www.notibras.com\/site\/wp-json\/wp\/v2\/tags?post=340419"}],"curies":[{"name":"wp","href":"https:\/\/api.w.org\/{rel}","templated":true}]}}