{"id":340422,"date":"2024-11-08T00:00:23","date_gmt":"2024-11-08T03:00:23","guid":{"rendered":"https:\/\/www.notibras.com\/site\/?p=340422"},"modified":"2024-11-08T07:32:01","modified_gmt":"2024-11-08T10:32:01","slug":"celina-debate-solucoes-de-saude-e-mobilidade-com-prefeitos-da-ride","status":"publish","type":"post","link":"https:\/\/www.notibras.com\/site\/celina-debate-solucoes-de-saude-e-mobilidade-com-prefeitos-da-ride\/","title":{"rendered":"Celina debate solu\u00e7\u00f5es de sa\u00fade e mobilidade com prefeitos da Ride"},"content":{"rendered":"<p>A vice-governadora Celina Le\u00e3o participou, nesta quinta-feira (7), da abertura do Encontro de Prefeitas e Prefeitos da Regi\u00e3o Integrada de Desenvolvimento do Distrito Federal e Entorno (Ride) 2025-2028. O objetivo foi convidar os chefes dos Executivos municipais, tanto os que tomam posse no in\u00edcio do pr\u00f3ximo ano como os que foram reconduzidos ao cargo, para se reunirem com o governador Ibaneis Rocha. O objetivo \u00e9 discutir pautas de interesse comum, especialmente, mobilidade e sa\u00fade p\u00fablica. O evento foi promovido pela Associa\u00e7\u00e3o Brasileira de Munic\u00edpios (ABM) e pela Associa\u00e7\u00e3o dos Munic\u00edpios Adjacentes a Bras\u00edlia (AMAB).<\/p>\n<p>\u201cS\u00e3o regi\u00f5es muito pr\u00f3ximas onde precisamos trabalhar de forma conjunta para levar as melhorias necess\u00e1rias para a popula\u00e7\u00e3o, algumas das quais j\u00e1 temos conv\u00eanios firmados para levar esses servi\u00e7os de modo mais eficiente \u00e0 popula\u00e7\u00e3o, com prioridade para sa\u00fade e transporte p\u00fablico\u201d, explica a vice-governadora.<\/p>\n<p>A vice-governadora Celina Le\u00e3o afirma que representantes do DF e de Goi\u00e1s j\u00e1 se reuniram para debater solu\u00e7\u00f5es e dialogam com a Uni\u00e3o para tentar fechar a parceria<\/p>\n<p>Como exemplo, ela cita a import\u00e2ncia da celebra\u00e7\u00e3o de um conv\u00eanio entre os governos do DF e de Goi\u00e1s com a Ag\u00eancia Nacional de Transportes Terrestres (ANTT), respons\u00e1vel pelo transporte p\u00fablico na regi\u00e3o para melhorar os servi\u00e7os oferecidos \u00e0 popula\u00e7\u00e3o. Celina afirma que representantes das duas unidades da Federa\u00e7\u00e3o j\u00e1 se reuniram para debater solu\u00e7\u00f5es e dialogam com a Uni\u00e3o para tentar fechar a parceria.<\/p>\n<p>Presidente da AMAB, o prefeito de Valpara\u00edso, P\u00e1bio Correia Lopes, observa que as iniciativas conjuntas entre os entes t\u00eam conseguido ganhar avan\u00e7os para os servi\u00e7os levados \u00e0 popula\u00e7\u00e3o.<\/p>\n<p>\u201cAtrav\u00e9s da associa\u00e7\u00e3o, a gente tem conseguido avan\u00e7ar na \u00e1rea da mobilidade bem como tamb\u00e9m na sa\u00fade. N\u00f3s sabemos que muitos pacientes que moram na regi\u00e3o do Entorno, \u00e0s vezes, dependem do DF, bem como tamb\u00e9m os pacientes do DF t\u00eam se deslocado para a nossa regi\u00e3o. Ent\u00e3o, essa integra\u00e7\u00e3o vai fortalecer as pol\u00edticas p\u00fablicas e, certamente, unidos n\u00f3s vamos levar benef\u00edcios \u00e0 nossa popula\u00e7\u00e3o e \u00e0 regi\u00e3o\u201d, afirma o prefeito.<\/p>\n<p><strong>Mais mobilidade<\/strong><br \/>\nA vice-governadora Celina Le\u00e3o adiantou que, no final do m\u00eas, far\u00e1 uma viagem \u00e0 China para conhecer ve\u00edculos similares ao Ve\u00edculo leve sobre Trilhos (VLT), com custos inferiores. O GDF pretende atender as W3 Norte e Sul com esse meio de transporte. Durante a viagem, tamb\u00e9m ser\u00e3o apresentados ao GDF trens para o metr\u00f4. O intuito do governo \u00e9 investir em 15 novos vag\u00f5es para ampliar a oferta do servi\u00e7o.<\/p>\n<p>\u201cFomos convidados a conhecer os ve\u00edculos e a China, hoje, \u00e9 um dos pa\u00edses que t\u00eam as melhores condi\u00e7\u00f5es de fazer essa entrega com menor valor e tempo. Precisamos lembrar que, como a compra desses ve\u00edculos acontece por licita\u00e7\u00e3o internacional, devemos levar em torno de um ano para conseguir fazer toda essa pactua\u00e7\u00e3o\u201d, explica a vice-governadora.<\/p>\n","protected":false},"excerpt":{"rendered":"<p>A vice-governadora Celina Le\u00e3o participou, nesta quinta-feira (7), da abertura do Encontro de Prefeitas e Prefeitos da Regi\u00e3o Integrada de Desenvolvimento do Distrito Federal e Entorno (Ride) 2025-2028. O objetivo foi convidar os chefes dos Executivos municipais, tanto os que tomam posse no in\u00edcio do pr\u00f3ximo ano como os que foram reconduzidos ao cargo, para [&hellip;]<\/p>\n","protected":false},"author":2,"featured_media":340423,"comment_status":"closed","ping_status":"closed","sticky":false,"template":"","format":"standard","meta":{"_acf_changed":false,"footnotes":""},"categories":[161],"tags":[],"class_list":["post-340422","post","type-post","status-publish","format-standard","has-post-thumbnail","hentry","category-quadradinho-em-foco"],"acf":[],"_links":{"self":[{"href":"https:\/\/www.notibras.com\/site\/wp-json\/wp\/v2\/posts\/340422","targetHints":{"allow":["GET"]}}],"collection":[{"href":"https:\/\/www.notibras.com\/site\/wp-json\/wp\/v2\/posts"}],"about":[{"href":"https:\/\/www.notibras.com\/site\/wp-json\/wp\/v2\/types\/post"}],"author":[{"embeddable":true,"href":"https:\/\/www.notibras.com\/site\/wp-json\/wp\/v2\/users\/2"}],"replies":[{"embeddable":true,"href":"https:\/\/www.notibras.com\/site\/wp-json\/wp\/v2\/comments?post=340422"}],"version-history":[{"count":1,"href":"https:\/\/www.notibras.com\/site\/wp-json\/wp\/v2\/posts\/340422\/revisions"}],"predecessor-version":[{"id":340424,"href":"https:\/\/www.notibras.com\/site\/wp-json\/wp\/v2\/posts\/340422\/revisions\/340424"}],"wp:featuredmedia":[{"embeddable":true,"href":"https:\/\/www.notibras.com\/site\/wp-json\/wp\/v2\/media\/340423"}],"wp:attachment":[{"href":"https:\/\/www.notibras.com\/site\/wp-json\/wp\/v2\/media?parent=340422"}],"wp:term":[{"taxonomy":"category","embeddable":true,"href":"https:\/\/www.notibras.com\/site\/wp-json\/wp\/v2\/categories?post=340422"},{"taxonomy":"post_tag","embeddable":true,"href":"https:\/\/www.notibras.com\/site\/wp-json\/wp\/v2\/tags?post=340422"}],"curies":[{"name":"wp","href":"https:\/\/api.w.org\/{rel}","templated":true}]}}