{"id":340425,"date":"2024-11-08T00:00:01","date_gmt":"2024-11-08T03:00:01","guid":{"rendered":"https:\/\/www.notibras.com\/site\/?p=340425"},"modified":"2024-11-08T07:37:04","modified_gmt":"2024-11-08T10:37:04","slug":"buriti-envia-mensagens-para-reforcar-vacinacao-de-criancas-e-adolescentes","status":"publish","type":"post","link":"https:\/\/www.notibras.com\/site\/buriti-envia-mensagens-para-reforcar-vacinacao-de-criancas-e-adolescentes\/","title":{"rendered":"Buriti envia mensagens para refor\u00e7ar vacina\u00e7\u00e3o de crian\u00e7as e adolescentes"},"content":{"rendered":"<p>A Secretaria de Sa\u00fade come\u00e7ou a enviar mensagens de texto para lembrar os respons\u00e1veis sobre imunizantes atrasados em crian\u00e7as e adolescentes. O disparo foi iniciado esta semana e busca ampliar a cobertura vacinal, a fim de prevenir a reintrodu\u00e7\u00e3o de doen\u00e7as graves no Distrito Federal.<\/p>\n<p>At\u00e9 o final do ano, a SES deve mandar alertas sobre 21 tipos de imunizantes, uma vez ao m\u00eas. Ainda em novembro, cerca de 30 mil mensagens est\u00e3o sendo disparadas por dia, totalizando, ao final, mais de 400 mil. \u201cEssa a\u00e7\u00e3o \u00e9 uma busca ativa para promover a amplia\u00e7\u00e3o das nossas coberturas vacinais e, assim, proteger a nossa popula\u00e7\u00e3o\u201d, afirma a secret\u00e1ria de Sa\u00fade, Lucilene Flor\u00eancio.<\/p>\n<p>O WhatsApp foi escolhido como ferramenta de comunica\u00e7\u00e3o por ser um canal amplamente utilizado e bem aceito pela popula\u00e7\u00e3o. As mensagens n\u00e3o pedem nenhuma informa\u00e7\u00e3o pessoal e n\u00e3o solicitam dados sigilosos ou restritos. O envio das mensagens ser\u00e1 cont\u00ednuo, enquanto a situa\u00e7\u00e3o vacinal estiver pendente.<\/p>\n<p><strong>Comunica\u00e7\u00e3o autom\u00e1tica<\/strong><br \/>\nOs lembretes s\u00e3o sobre doses atrasadas que previnem difteria, t\u00e9tano, coqueluche, hepatite B, meningite, dengue, pneumonia, poliomielite e diarreias graves. Neles, \u00e9 poss\u00edvel ler informa\u00e7\u00f5es b\u00e1sicas da crian\u00e7a ou do adolescente, como nome e \u00faltimo sobrenome.<\/p>\n<p>O sistema pergunta automaticamente se a pessoa que recebeu a mensagem \u00e9 a respons\u00e1vel. Em caso afirmativo, \u00e9 informado sobre qual vacina est\u00e1 em atraso, a doen\u00e7a que ela previne e o risco de n\u00e3o se imunizar. Em seguida, o sistema questiona em quantos dias a pessoa pretende ir a uma Unidade B\u00e1sica de Sa\u00fade (UBS) para regularizar a situa\u00e7\u00e3o.<\/p>\n<p>\u00c9 essencial que o cidad\u00e3o responda \u00e0s mensagens autom\u00e1ticas, pois o sistema tamb\u00e9m \u00e9 usado para outras comunica\u00e7\u00f5es importantes, como avisos sobre exames e consultas. Caso n\u00e3o haja intera\u00e7\u00e3o, as notifica\u00e7\u00f5es poder\u00e3o ser cessadas, bem como atualiza\u00e7\u00f5es fundamentais para a sa\u00fade de toda a fam\u00edlia.<\/p>\n<p><strong>Projeto-piloto<\/strong><br \/>\nEm julho deste ano, a iniciativa foi testada em um projeto-piloto, com o envio de mais de 4 mil mensagens para 3,2 mil respons\u00e1veis. Nessa fase, o foco foram crian\u00e7as entre 6 meses e menores de 1 ano, que n\u00e3o haviam registrado a terceira dose das vacinas penta, poliomielite e pneumo10, al\u00e9m do rotav\u00edrus para faixas et\u00e1rias espec\u00edficas.<\/p>\n<p>\u201cO projeto-piloto obteve mais de 70% de respostas positivas dos cidad\u00e3os, que afirmaram atualizar a vacina\u00e7\u00e3o de suas crian\u00e7as e jovens. Agora, expandimos a cobertura a todo o p\u00fablico infantojuvenil com doses em atraso, inclusive a da dengue\u201d, explica a gerente de Qualidade na Aten\u00e7\u00e3o Prim\u00e1ria da SES-DF, L\u00eddia Glasielle de Oliveira Silva.<\/p>\n<p>O sistema utilizado para o envio das mensagens \u00e9 da Secretaria de Economia do Distrito Federal (Seec-DF). As informa\u00e7\u00f5es s\u00e3o encaminhadas pela SES para o disparo.<\/p>\n","protected":false},"excerpt":{"rendered":"<p>A Secretaria de Sa\u00fade come\u00e7ou a enviar mensagens de texto para lembrar os respons\u00e1veis sobre imunizantes atrasados em crian\u00e7as e adolescentes. O disparo foi iniciado esta semana e busca ampliar a cobertura vacinal, a fim de prevenir a reintrodu\u00e7\u00e3o de doen\u00e7as graves no Distrito Federal. At\u00e9 o final do ano, a SES deve mandar alertas [&hellip;]<\/p>\n","protected":false},"author":2,"featured_media":340426,"comment_status":"closed","ping_status":"closed","sticky":false,"template":"","format":"standard","meta":{"_acf_changed":false,"footnotes":""},"categories":[161],"tags":[],"class_list":["post-340425","post","type-post","status-publish","format-standard","has-post-thumbnail","hentry","category-quadradinho-em-foco"],"acf":[],"_links":{"self":[{"href":"https:\/\/www.notibras.com\/site\/wp-json\/wp\/v2\/posts\/340425","targetHints":{"allow":["GET"]}}],"collection":[{"href":"https:\/\/www.notibras.com\/site\/wp-json\/wp\/v2\/posts"}],"about":[{"href":"https:\/\/www.notibras.com\/site\/wp-json\/wp\/v2\/types\/post"}],"author":[{"embeddable":true,"href":"https:\/\/www.notibras.com\/site\/wp-json\/wp\/v2\/users\/2"}],"replies":[{"embeddable":true,"href":"https:\/\/www.notibras.com\/site\/wp-json\/wp\/v2\/comments?post=340425"}],"version-history":[{"count":1,"href":"https:\/\/www.notibras.com\/site\/wp-json\/wp\/v2\/posts\/340425\/revisions"}],"predecessor-version":[{"id":340427,"href":"https:\/\/www.notibras.com\/site\/wp-json\/wp\/v2\/posts\/340425\/revisions\/340427"}],"wp:featuredmedia":[{"embeddable":true,"href":"https:\/\/www.notibras.com\/site\/wp-json\/wp\/v2\/media\/340426"}],"wp:attachment":[{"href":"https:\/\/www.notibras.com\/site\/wp-json\/wp\/v2\/media?parent=340425"}],"wp:term":[{"taxonomy":"category","embeddable":true,"href":"https:\/\/www.notibras.com\/site\/wp-json\/wp\/v2\/categories?post=340425"},{"taxonomy":"post_tag","embeddable":true,"href":"https:\/\/www.notibras.com\/site\/wp-json\/wp\/v2\/tags?post=340425"}],"curies":[{"name":"wp","href":"https:\/\/api.w.org\/{rel}","templated":true}]}}