{"id":340469,"date":"2024-11-09T00:44:41","date_gmt":"2024-11-09T03:44:41","guid":{"rendered":"https:\/\/www.notibras.com\/site\/?p=340469"},"modified":"2024-11-09T06:47:48","modified_gmt":"2024-11-09T09:47:48","slug":"supremo-forma-maioria-para-manter-a-condenacao-de-fernando-collor","status":"publish","type":"post","link":"https:\/\/www.notibras.com\/site\/supremo-forma-maioria-para-manter-a-condenacao-de-fernando-collor\/","title":{"rendered":"Supremo forma maioria para manter a condena\u00e7\u00e3o de Fernando Collor"},"content":{"rendered":"<p>O Supremo Tribunal Federal (STF) formou nesta sexta-feira (8) maioria de votos para manter a condena\u00e7\u00e3o do ex-presidente Fernando Collor a oito anos e dez meses de pris\u00e3o por corrup\u00e7\u00e3o passiva e lavagem de dinheiro em um dos processos da Opera\u00e7\u00e3o Lava Jato.<\/p>\n<p>At\u00e9 o momento, o plen\u00e1rio virtual da Corte tem placar de 6 votos a 2 para rejeitar um recurso da defesa contra a condena\u00e7\u00e3o.<\/p>\n<p>O placar foi obtido com voto do relator, ministro Alexandre de Moraes. Para o ministro, n\u00e3o h\u00e1 irregularidades na decis\u00e3o que condenou Collor.<\/p>\n<p>&#8220;A decis\u00e3o recorrida analisou com exatid\u00e3o a integralidade da pretens\u00e3o jur\u00eddica deduzida, de modo que, no presente caso, n\u00e3o se constata a exist\u00eancia de nenhuma dessas defici\u00eancias&#8221;, argumentou o ministro.<\/p>\n<p>Al\u00e9m de Moraes, votaram para manter a condena\u00e7\u00e3o os ministros Edson Fachin, Fl\u00e1vio Dino, C\u00e1rmen L\u00facia, Lu\u00eds Roberto Barroso e Luiz Fux.<\/p>\n<p>Dias Toffoli e Gilmar Mendes votaram pela redu\u00e7\u00e3o da pena de Collor para quatro anos por entenderem que houve erro na dosimetria da pena. Cristiano Zanin se declarou impedido para julgar o caso.<\/p>\n<p>Em maio do ano passado, o tribunal entendeu que Collor, como antigo dirigente do PTB, foi respons\u00e1vel por indica\u00e7\u00f5es pol\u00edticas para a BR Distribuidora, empresa subsidi\u00e1ria da Petrobras, e recebeu R$ 20 milh\u00f5es em vantagens indevidas em contratos da empresa. Segundo a den\u00fancia, os crimes ocorreram entre 2010 e 2014.<\/p>\n<p>Dois ex-assessores de Collor tamb\u00e9m foram condenados, mas poder\u00e3o substituir as penas por presta\u00e7\u00e3o de servi\u00e7os \u00e0 comunidade.<\/p>\n<p>O julgamento virtual est\u00e1 previsto para terminar na segunda-feira (11).<\/p>\n","protected":false},"excerpt":{"rendered":"<p>O Supremo Tribunal Federal (STF) formou nesta sexta-feira (8) maioria de votos para manter a condena\u00e7\u00e3o do ex-presidente Fernando Collor a oito anos e dez meses de pris\u00e3o por corrup\u00e7\u00e3o passiva e lavagem de dinheiro em um dos processos da Opera\u00e7\u00e3o Lava Jato. At\u00e9 o momento, o plen\u00e1rio virtual da Corte tem placar de 6 [&hellip;]<\/p>\n","protected":false},"author":2,"featured_media":340470,"comment_status":"closed","ping_status":"closed","sticky":false,"template":"","format":"standard","meta":{"_acf_changed":false,"footnotes":""},"categories":[165],"tags":[],"class_list":["post-340469","post","type-post","status-publish","format-standard","has-post-thumbnail","hentry","category-nordeste"],"acf":[],"_links":{"self":[{"href":"https:\/\/www.notibras.com\/site\/wp-json\/wp\/v2\/posts\/340469","targetHints":{"allow":["GET"]}}],"collection":[{"href":"https:\/\/www.notibras.com\/site\/wp-json\/wp\/v2\/posts"}],"about":[{"href":"https:\/\/www.notibras.com\/site\/wp-json\/wp\/v2\/types\/post"}],"author":[{"embeddable":true,"href":"https:\/\/www.notibras.com\/site\/wp-json\/wp\/v2\/users\/2"}],"replies":[{"embeddable":true,"href":"https:\/\/www.notibras.com\/site\/wp-json\/wp\/v2\/comments?post=340469"}],"version-history":[{"count":2,"href":"https:\/\/www.notibras.com\/site\/wp-json\/wp\/v2\/posts\/340469\/revisions"}],"predecessor-version":[{"id":340472,"href":"https:\/\/www.notibras.com\/site\/wp-json\/wp\/v2\/posts\/340469\/revisions\/340472"}],"wp:featuredmedia":[{"embeddable":true,"href":"https:\/\/www.notibras.com\/site\/wp-json\/wp\/v2\/media\/340470"}],"wp:attachment":[{"href":"https:\/\/www.notibras.com\/site\/wp-json\/wp\/v2\/media?parent=340469"}],"wp:term":[{"taxonomy":"category","embeddable":true,"href":"https:\/\/www.notibras.com\/site\/wp-json\/wp\/v2\/categories?post=340469"},{"taxonomy":"post_tag","embeddable":true,"href":"https:\/\/www.notibras.com\/site\/wp-json\/wp\/v2\/tags?post=340469"}],"curies":[{"name":"wp","href":"https:\/\/api.w.org\/{rel}","templated":true}]}}