{"id":340473,"date":"2024-11-09T06:54:35","date_gmt":"2024-11-09T09:54:35","guid":{"rendered":"https:\/\/www.notibras.com\/site\/?p=340473"},"modified":"2024-11-09T06:54:35","modified_gmt":"2024-11-09T09:54:35","slug":"relator-do-uso-da-ia-no-brasil-debate-assunto-com-autoridades-locais","status":"publish","type":"post","link":"https:\/\/www.notibras.com\/site\/relator-do-uso-da-ia-no-brasil-debate-assunto-com-autoridades-locais\/","title":{"rendered":"Relator do uso da IA no Brasil debate assunto com autoridades locais"},"content":{"rendered":"<p>O senador Eduardo Gomes (MDB-TO) falou, para mais de 150 empres\u00e1rios do Distrito Federal, membros do Lide Bras\u00edlia &#8211; Grupo de L\u00edderes Empresariais, sobre o uso produtivo da Intelig\u00eancia Artificial (IA) nas corpora\u00e7\u00f5es. Ele preside a Comiss\u00e3o de Comunica\u00e7\u00e3o e Direito Digital do Senado Federal e \u00e9 relator da Comiss\u00e3o Tempor\u00e1ria Interna sobre Intelig\u00eancia Artificial no Brasil, que busca criar um marco regulat\u00f3rio para a aplica\u00e7\u00e3o da IA no Pa\u00eds.<\/p>\n<p>O evento aconteceu na sexta-feira (8) e contou com a presen\u00e7a do secret\u00e1rio de Governo, Jos\u00e9 Humberto Pires de Ara\u00fajo, do secret\u00e1rio de Rela\u00e7\u00f5es Institucionais, Agaciel Maia, do senador Izalci Lucas (PL-DF), do presidente do Sistema Fecom\u00e9rcio, Jos\u00e9 Aparecido Freire, da deputada distrital Doutora Jane (MDB-DF), do deputado Distrital Jorge Vianna, do conselheiro do TCDF Manoel de Andrade, do CEO do Metr\u00f4-DF, Handerson Cabral, e do presidente da Caesb, Luiz Ant\u00f4nio Reis.<\/p>\n<p>O presidente do Lide Bras\u00edlia, o empres\u00e1rio Paulo Oct\u00e1vio, abriu o evento destacando o impacto da intelig\u00eancia artificial nas quest\u00f5es sociais e econ\u00f4micas. \u201cO mundo vai mudar em todos os sentidos, vai mudar na facilidade das quest\u00f5es medicinais, da agricultura, vai mudar o comportamento de todos os profissionais de todas as atividades. O desafio \u00e9 garantir que m\u00e1quinas super inteligentes permane\u00e7am alinhadas com valores e interesses humanos\u201d, afirmou. Paulo Oct\u00e1vio destacou a import\u00e2ncia do di\u00e1logo com especialistas em tecnologia para entender o impacto das mudan\u00e7as no mercado de trabalho.<\/p>\n<p>A palestra come\u00e7ou com uma avalia\u00e7\u00e3o do senador de que \u201ctudo que se faz em termos de regula\u00e7\u00e3o pode, at\u00e9 de maneira bem intencionada, inibir investimento e inova\u00e7\u00e3o\u201d. Eduardo Gomes ressaltou que regular a intelig\u00eancia artificial \u00e9 uma tarefa desafiadora, devido ao r\u00e1pido avan\u00e7o da tecnologia. \u201cPara uma intelig\u00eancia artificial eficiente e justa, a gente precisa de intelig\u00eancia emocional, precisa de intelig\u00eancia humana e percep\u00e7\u00e3o para as suas consequ\u00eancias&#8221;. O parlamentar frisou que a regulamenta\u00e7\u00e3o busca garantir seguran\u00e7a e direitos sem inibir investimentos.<\/p>\n<p>Eduardo Gomes tamb\u00e9m falou da necessidade de capacita\u00e7\u00e3o da popula\u00e7\u00e3o para lidar com as mudan\u00e7as trazidas pela intelig\u00eancia artificial. \u201cA intelig\u00eancia artificial desloca empregos, tira a for\u00e7a de m\u00e3o de obra em determinadas \u00e1reas do desenvolvimento econ\u00f4mico e, em compensa\u00e7\u00e3o, cria novos empregos\u201d, afirmou. Para o senador, a regula\u00e7\u00e3o precisa ser feita com o objetivo de oferecer seguran\u00e7a \u00e0s pessoas sem diminuir a capacidade de inser\u00e7\u00e3o no mercado de trabalho.<\/p>\n<p>O palestrante falou sobre o momento atual da regula\u00e7\u00e3o, explicando que o processo se encontra num momento decisivo, mas tamb\u00e9m muito tranquilo. \u201cA gente n\u00e3o quer fechar um relat\u00f3rio que feche portas, que feche oportunidades para o Brasil, que gere qualquer dificuldade para o empres\u00e1rio brasileiro, que o cidad\u00e3o brasileiro n\u00e3o possa utilizar a intelig\u00eancia artificial para o desenvolvimento\u201d, finalizou.<\/p>\n","protected":false},"excerpt":{"rendered":"<p>O senador Eduardo Gomes (MDB-TO) falou, para mais de 150 empres\u00e1rios do Distrito Federal, membros do Lide Bras\u00edlia &#8211; Grupo de L\u00edderes Empresariais, sobre o uso produtivo da Intelig\u00eancia Artificial (IA) nas corpora\u00e7\u00f5es. Ele preside a Comiss\u00e3o de Comunica\u00e7\u00e3o e Direito Digital do Senado Federal e \u00e9 relator da Comiss\u00e3o Tempor\u00e1ria Interna sobre Intelig\u00eancia Artificial [&hellip;]<\/p>\n","protected":false},"author":2,"featured_media":340474,"comment_status":"closed","ping_status":"closed","sticky":false,"template":"","format":"standard","meta":{"_acf_changed":false,"footnotes":""},"categories":[161],"tags":[],"class_list":["post-340473","post","type-post","status-publish","format-standard","has-post-thumbnail","hentry","category-quadradinho-em-foco"],"acf":[],"_links":{"self":[{"href":"https:\/\/www.notibras.com\/site\/wp-json\/wp\/v2\/posts\/340473","targetHints":{"allow":["GET"]}}],"collection":[{"href":"https:\/\/www.notibras.com\/site\/wp-json\/wp\/v2\/posts"}],"about":[{"href":"https:\/\/www.notibras.com\/site\/wp-json\/wp\/v2\/types\/post"}],"author":[{"embeddable":true,"href":"https:\/\/www.notibras.com\/site\/wp-json\/wp\/v2\/users\/2"}],"replies":[{"embeddable":true,"href":"https:\/\/www.notibras.com\/site\/wp-json\/wp\/v2\/comments?post=340473"}],"version-history":[{"count":1,"href":"https:\/\/www.notibras.com\/site\/wp-json\/wp\/v2\/posts\/340473\/revisions"}],"predecessor-version":[{"id":340475,"href":"https:\/\/www.notibras.com\/site\/wp-json\/wp\/v2\/posts\/340473\/revisions\/340475"}],"wp:featuredmedia":[{"embeddable":true,"href":"https:\/\/www.notibras.com\/site\/wp-json\/wp\/v2\/media\/340474"}],"wp:attachment":[{"href":"https:\/\/www.notibras.com\/site\/wp-json\/wp\/v2\/media?parent=340473"}],"wp:term":[{"taxonomy":"category","embeddable":true,"href":"https:\/\/www.notibras.com\/site\/wp-json\/wp\/v2\/categories?post=340473"},{"taxonomy":"post_tag","embeddable":true,"href":"https:\/\/www.notibras.com\/site\/wp-json\/wp\/v2\/tags?post=340473"}],"curies":[{"name":"wp","href":"https:\/\/api.w.org\/{rel}","templated":true}]}}