{"id":340493,"date":"2024-11-09T00:00:41","date_gmt":"2024-11-09T03:00:41","guid":{"rendered":"https:\/\/www.notibras.com\/site\/?p=340493"},"modified":"2024-11-09T07:39:12","modified_gmt":"2024-11-09T10:39:12","slug":"restaurante-comunitario-amplia-oferta-de-refeicoes","status":"publish","type":"post","link":"https:\/\/www.notibras.com\/site\/restaurante-comunitario-amplia-oferta-de-refeicoes\/","title":{"rendered":"Restaurante Comunit\u00e1rio amplia oferta de refei\u00e7\u00f5es"},"content":{"rendered":"<p>A partir desta segunda-feira (11), o Restaurante Comunit\u00e1rio do Parano\u00e1 vai ampliar a oferta de refei\u00e7\u00f5es, passando a servir tamb\u00e9m o jantar a R$ 0,50, e a abrir todos os dias, incluindo domingos e feriados. Este ser\u00e1 o d\u00e9cimo restaurante comunit\u00e1rio do Distrito Federal a servir diariamente as tr\u00eas principais refei\u00e7\u00f5es: caf\u00e9 da manh\u00e3 (R$ 0,50), almo\u00e7o (R$1) e jantar (R$0,50). Tudo isso ao custo total de R$ 2.<\/p>\n<p>O Restaurante Comunit\u00e1rio do Parano\u00e1 fica na \u01eauadra 2, Lote A, Feira Livre \u2013 \u00c1rea Especial. Para comemorar a amplia\u00e7\u00e3o da oferta de refei\u00e7\u00f5es, a Secretaria de Desenvolvimento Social (Sedes-DF) marcou solenidade para esta segunda, \u00e0s 10h30, na \u00e1rea externa do restaurante, com as presen\u00e7as da secret\u00e1ria substituta de Desenvolvimento Social, Jackeline Canhedo, da deputada distrital Doutora Jane, e do administrador do Parano\u00e1, Wellington Santana.<\/p>\n<p>Desde janeiro de 2019 at\u00e9 4 de novembro de 2024, foram servidas 3.258.921 refei\u00e7\u00f5es no Restaurante Comunit\u00e1rio do Parano\u00e1 | Foto: Geovana Albuquerque\/Ag\u00eancia Bras\u00edlia<\/p>\n<p>\u201cEssas a\u00e7\u00f5es refor\u00e7am a import\u00e2ncia de oferecer servi\u00e7os de qualidade e ampliar o acesso da popula\u00e7\u00e3o a refei\u00e7\u00f5es nutritivas e acess\u00edveis. Em breve, todos os 18 restaurantes comunit\u00e1rios do Distrito Federal v\u00e3o funcionar na sua capacidade m\u00e1xima, \u00e0 medida que formos renovando os contratos antigos\u201d, explica a secret\u00e1ria substituta de Desenvolvimento Social, Jackeline Canhedo.<\/p>\n<p>Desde janeiro de 2019 at\u00e9 4 de novembro de 2024, foram servidas 3.258.921 refei\u00e7\u00f5es no Restaurante Comunit\u00e1rio do Parano\u00e1, sendo 261.514 para pessoas em situa\u00e7\u00e3o de rua. O restaurante, agora, passar\u00e1 a aceitar, al\u00e9m do dinheiro e Pix, cart\u00e3o de cr\u00e9dito ou d\u00e9bito e os cart\u00f5es Prato Cheio e DF Social. A previs\u00e3o \u00e9 que o restaurante passe a servir uma m\u00e9dia de 3.544 refei\u00e7\u00f5es\/dia.<\/p>\n<p>Ainda neste ano, est\u00e3o previstas amplia\u00e7\u00f5es dos restaurantes comunit\u00e1rios de Brazl\u00e2ndia, marcada para esta quinta-feira (14), e do Gama, que est\u00e1 finalizando manuten\u00e7\u00e3o na estrutura.<\/p>\n","protected":false},"excerpt":{"rendered":"<p>A partir desta segunda-feira (11), o Restaurante Comunit\u00e1rio do Parano\u00e1 vai ampliar a oferta de refei\u00e7\u00f5es, passando a servir tamb\u00e9m o jantar a R$ 0,50, e a abrir todos os dias, incluindo domingos e feriados. Este ser\u00e1 o d\u00e9cimo restaurante comunit\u00e1rio do Distrito Federal a servir diariamente as tr\u00eas principais refei\u00e7\u00f5es: caf\u00e9 da manh\u00e3 (R$ [&hellip;]<\/p>\n","protected":false},"author":2,"featured_media":340494,"comment_status":"closed","ping_status":"closed","sticky":false,"template":"","format":"standard","meta":{"_acf_changed":false,"footnotes":""},"categories":[161],"tags":[],"class_list":["post-340493","post","type-post","status-publish","format-standard","has-post-thumbnail","hentry","category-quadradinho-em-foco"],"acf":[],"_links":{"self":[{"href":"https:\/\/www.notibras.com\/site\/wp-json\/wp\/v2\/posts\/340493","targetHints":{"allow":["GET"]}}],"collection":[{"href":"https:\/\/www.notibras.com\/site\/wp-json\/wp\/v2\/posts"}],"about":[{"href":"https:\/\/www.notibras.com\/site\/wp-json\/wp\/v2\/types\/post"}],"author":[{"embeddable":true,"href":"https:\/\/www.notibras.com\/site\/wp-json\/wp\/v2\/users\/2"}],"replies":[{"embeddable":true,"href":"https:\/\/www.notibras.com\/site\/wp-json\/wp\/v2\/comments?post=340493"}],"version-history":[{"count":1,"href":"https:\/\/www.notibras.com\/site\/wp-json\/wp\/v2\/posts\/340493\/revisions"}],"predecessor-version":[{"id":340495,"href":"https:\/\/www.notibras.com\/site\/wp-json\/wp\/v2\/posts\/340493\/revisions\/340495"}],"wp:featuredmedia":[{"embeddable":true,"href":"https:\/\/www.notibras.com\/site\/wp-json\/wp\/v2\/media\/340494"}],"wp:attachment":[{"href":"https:\/\/www.notibras.com\/site\/wp-json\/wp\/v2\/media?parent=340493"}],"wp:term":[{"taxonomy":"category","embeddable":true,"href":"https:\/\/www.notibras.com\/site\/wp-json\/wp\/v2\/categories?post=340493"},{"taxonomy":"post_tag","embeddable":true,"href":"https:\/\/www.notibras.com\/site\/wp-json\/wp\/v2\/tags?post=340493"}],"curies":[{"name":"wp","href":"https:\/\/api.w.org\/{rel}","templated":true}]}}