{"id":340496,"date":"2024-11-09T00:00:30","date_gmt":"2024-11-09T03:00:30","guid":{"rendered":"https:\/\/www.notibras.com\/site\/?p=340496"},"modified":"2024-11-09T07:44:06","modified_gmt":"2024-11-09T10:44:06","slug":"pedras-portuguesas-comecam-a-ser-restauradas-pela-novacap","status":"publish","type":"post","link":"https:\/\/www.notibras.com\/site\/pedras-portuguesas-comecam-a-ser-restauradas-pela-novacap\/","title":{"rendered":"Pedras portuguesas come\u00e7am a ser restauradas pela Novacap"},"content":{"rendered":"<p>A Novacap iniciou a recupera\u00e7\u00e3o das pedras portuguesas da Pra\u00e7a dos Tr\u00eas Poderes. O objetivo \u00e9 melhorar a acessibilidade e a est\u00e9tica no local. A a\u00e7\u00e3o come\u00e7ou em 21 de outubro, ap\u00f3s a contrata\u00e7\u00e3o da obra.<\/p>\n<p>O trabalho conta com cerca de 20 trabalhadores e ocorre em quadrantes, o que permite aos visitantes transitarem pela pra\u00e7a. \u201cEssa atua\u00e7\u00e3o tem o intuito de garantir que a Pra\u00e7a dos Tr\u00eas Poderes seja um espa\u00e7o seguro e acess\u00edvel e sem problemas com pedras soltas para melhorar a experi\u00eancia dos frequentadores\u201d, ressalta o diretor de Planejamento e Projetos, Carlos Spies, respons\u00e1vel pela execu\u00e7\u00e3o da manuten\u00e7\u00e3o dos mobili\u00e1rios urbanos.<\/p>\n<p>As equipes recuperam os trechos com pedras soltas ou danificadas, com a substitui\u00e7\u00e3o daquelas que n\u00e3o puderem ser restauradas. O trabalho \u00e9 feito de forma manual e artesanal, para garantir a preserva\u00e7\u00e3o do car\u00e1ter hist\u00f3rico do local.<\/p>\n<p>\u201cEstamos comprometidos em reformar a Pra\u00e7a dos Tr\u00eas Poderes, garantindo n\u00e3o apenas a preserva\u00e7\u00e3o do nosso patrim\u00f4nio, mas a seguran\u00e7a e a acessibilidade para todos que visitam a regi\u00e3o\u201d, afirma o presidente da Novacap, Fernando Leite.<\/p>\n","protected":false},"excerpt":{"rendered":"<p>A Novacap iniciou a recupera\u00e7\u00e3o das pedras portuguesas da Pra\u00e7a dos Tr\u00eas Poderes. O objetivo \u00e9 melhorar a acessibilidade e a est\u00e9tica no local. A a\u00e7\u00e3o come\u00e7ou em 21 de outubro, ap\u00f3s a contrata\u00e7\u00e3o da obra. O trabalho conta com cerca de 20 trabalhadores e ocorre em quadrantes, o que permite aos visitantes transitarem pela [&hellip;]<\/p>\n","protected":false},"author":2,"featured_media":340497,"comment_status":"closed","ping_status":"closed","sticky":false,"template":"","format":"standard","meta":{"_acf_changed":false,"footnotes":""},"categories":[161],"tags":[],"class_list":["post-340496","post","type-post","status-publish","format-standard","has-post-thumbnail","hentry","category-quadradinho-em-foco"],"acf":[],"_links":{"self":[{"href":"https:\/\/www.notibras.com\/site\/wp-json\/wp\/v2\/posts\/340496","targetHints":{"allow":["GET"]}}],"collection":[{"href":"https:\/\/www.notibras.com\/site\/wp-json\/wp\/v2\/posts"}],"about":[{"href":"https:\/\/www.notibras.com\/site\/wp-json\/wp\/v2\/types\/post"}],"author":[{"embeddable":true,"href":"https:\/\/www.notibras.com\/site\/wp-json\/wp\/v2\/users\/2"}],"replies":[{"embeddable":true,"href":"https:\/\/www.notibras.com\/site\/wp-json\/wp\/v2\/comments?post=340496"}],"version-history":[{"count":1,"href":"https:\/\/www.notibras.com\/site\/wp-json\/wp\/v2\/posts\/340496\/revisions"}],"predecessor-version":[{"id":340498,"href":"https:\/\/www.notibras.com\/site\/wp-json\/wp\/v2\/posts\/340496\/revisions\/340498"}],"wp:featuredmedia":[{"embeddable":true,"href":"https:\/\/www.notibras.com\/site\/wp-json\/wp\/v2\/media\/340497"}],"wp:attachment":[{"href":"https:\/\/www.notibras.com\/site\/wp-json\/wp\/v2\/media?parent=340496"}],"wp:term":[{"taxonomy":"category","embeddable":true,"href":"https:\/\/www.notibras.com\/site\/wp-json\/wp\/v2\/categories?post=340496"},{"taxonomy":"post_tag","embeddable":true,"href":"https:\/\/www.notibras.com\/site\/wp-json\/wp\/v2\/tags?post=340496"}],"curies":[{"name":"wp","href":"https:\/\/api.w.org\/{rel}","templated":true}]}}