{"id":340532,"date":"2024-11-09T10:33:15","date_gmt":"2024-11-09T13:33:15","guid":{"rendered":"https:\/\/www.notibras.com\/site\/?p=340532"},"modified":"2024-11-09T10:33:15","modified_gmt":"2024-11-09T13:33:15","slug":"cleber-lopes-escancara-preconceito-fascista-na-casa-dos-distritais","status":"publish","type":"post","link":"https:\/\/www.notibras.com\/site\/cleber-lopes-escancara-preconceito-fascista-na-casa-dos-distritais\/","title":{"rendered":"Cl\u00e9ber Lopes escancara preconceito fascista na casa dos distritais"},"content":{"rendered":"<p>Cl\u00e9ber Lopes, candidato \u00e0 presid\u00eancia da OAB-DF, chocou a advocacia e a sociedade com declara\u00e7\u00f5es que escancaram um preconceito que beira o fascismo. Durante sua participa\u00e7\u00e3o em debate com seus advers\u00e1rios promovido pela C\u00e2mara Legislativa, Cl\u00e9ber n\u00e3o poupou ataques: comparou a Ordem dos Advogados do Distrito Federal a uma \u201cfeira de Acari\u201d e desdenhou da homenagem prestada \u00e0 ministra do Superior Tribunal de Justi\u00e7a Eliana Calmon, ironizando a escolha de um rap para celebr\u00e1-la.<\/p>\n<p>A cr\u00edtica \u00e0 homenagem \u00e0 ministra Eliana Calmon vai al\u00e9m da simples discord\u00e2ncia; trata-se de um deboche que desrespeita n\u00e3o s\u00f3 a magistrada, mas tamb\u00e9m o pr\u00f3prio ato de valorizar figuras p\u00fablicas de grande relev\u00e2ncia. Ao transformar um momento de reconhecimento em motivo de esc\u00e1rnio, Cl\u00e9ber Lopes ofendeu tanto a advocacia quanto a popula\u00e7\u00e3o que confia na Ordem como defensora dos direitos e da justi\u00e7a.<\/p>\n<p>Ao comparar a OAB-DF a uma &#8220;feira de Acari&#8221;, Cl\u00e9ber deixou claro seu desprezo pela diversidade e pela advocacia de base. Essa vis\u00e3o elitista e discriminat\u00f3ria \u00e9 incompat\u00edvel com os valores que deveriam nortear a Ordem. Mais uma vez, Cl\u00e9ber demonstra que sua candidatura est\u00e1 longe de representar uma institui\u00e7\u00e3o inclusiva e comprometida com a justi\u00e7a social.<\/p>\n<p>Esse epis\u00f3dio \u00e9 mais uma pe\u00e7a no quebra-cabe\u00e7a de um comportamento sistem\u00e1tico. Em outro debate, Cl\u00e9ber j\u00e1 havia sido confrontado por pr\u00e1ticas question\u00e1veis, como a grava\u00e7\u00e3o de conversas sob constrangimento. Agora, com suas declara\u00e7\u00f5es na CLDF, ele reafirma seu padr\u00e3o de desrespeito e desconfian\u00e7a, revelando um perfil autorit\u00e1rio e excludente.<\/p>\n<p>Cl\u00e9ber Lopes, avaliam profissionais do campo jur\u00eddico, n\u00e3o apenas insultou a advocacia e a popula\u00e7\u00e3o do Distrito Federal; ele mostrou que sua vis\u00e3o de mundo \u00e9 perigosa e incompat\u00edvel com os valores de uma sociedade democr\u00e1tica. Sua postura \u00e9 um alerta para todos: permitir que algu\u00e9m com esse perfil assuma a lideran\u00e7a da OAB brasiliense seria um desastre para a institui\u00e7\u00e3o e para os advogados que ela representa. A Ordem, enfatizam advogados, precisa de l\u00edderes que respeitem a diversidade e promovam a inclus\u00e3o, n\u00e3o de quem faz do preconceito e do deboche suas marcas registradas.<\/p>\n","protected":false},"excerpt":{"rendered":"<p>Cl\u00e9ber Lopes, candidato \u00e0 presid\u00eancia da OAB-DF, chocou a advocacia e a sociedade com declara\u00e7\u00f5es que escancaram um preconceito que beira o fascismo. Durante sua participa\u00e7\u00e3o em debate com seus advers\u00e1rios promovido pela C\u00e2mara Legislativa, Cl\u00e9ber n\u00e3o poupou ataques: comparou a Ordem dos Advogados do Distrito Federal a uma \u201cfeira de Acari\u201d e desdenhou da [&hellip;]<\/p>\n","protected":false},"author":2,"featured_media":340533,"comment_status":"closed","ping_status":"closed","sticky":false,"template":"","format":"standard","meta":{"_acf_changed":false,"footnotes":""},"categories":[161],"tags":[],"class_list":["post-340532","post","type-post","status-publish","format-standard","has-post-thumbnail","hentry","category-quadradinho-em-foco"],"acf":[],"_links":{"self":[{"href":"https:\/\/www.notibras.com\/site\/wp-json\/wp\/v2\/posts\/340532","targetHints":{"allow":["GET"]}}],"collection":[{"href":"https:\/\/www.notibras.com\/site\/wp-json\/wp\/v2\/posts"}],"about":[{"href":"https:\/\/www.notibras.com\/site\/wp-json\/wp\/v2\/types\/post"}],"author":[{"embeddable":true,"href":"https:\/\/www.notibras.com\/site\/wp-json\/wp\/v2\/users\/2"}],"replies":[{"embeddable":true,"href":"https:\/\/www.notibras.com\/site\/wp-json\/wp\/v2\/comments?post=340532"}],"version-history":[{"count":1,"href":"https:\/\/www.notibras.com\/site\/wp-json\/wp\/v2\/posts\/340532\/revisions"}],"predecessor-version":[{"id":340534,"href":"https:\/\/www.notibras.com\/site\/wp-json\/wp\/v2\/posts\/340532\/revisions\/340534"}],"wp:featuredmedia":[{"embeddable":true,"href":"https:\/\/www.notibras.com\/site\/wp-json\/wp\/v2\/media\/340533"}],"wp:attachment":[{"href":"https:\/\/www.notibras.com\/site\/wp-json\/wp\/v2\/media?parent=340532"}],"wp:term":[{"taxonomy":"category","embeddable":true,"href":"https:\/\/www.notibras.com\/site\/wp-json\/wp\/v2\/categories?post=340532"},{"taxonomy":"post_tag","embeddable":true,"href":"https:\/\/www.notibras.com\/site\/wp-json\/wp\/v2\/tags?post=340532"}],"curies":[{"name":"wp","href":"https:\/\/api.w.org\/{rel}","templated":true}]}}