{"id":340574,"date":"2024-11-10T03:37:19","date_gmt":"2024-11-10T06:37:19","guid":{"rendered":"https:\/\/www.notibras.com\/site\/?p=340574"},"modified":"2024-11-10T03:37:19","modified_gmt":"2024-11-10T06:37:19","slug":"raquel-come-joao-pelas-beiradas-e-poe-pt-de-pernambuco-no-governo","status":"publish","type":"post","link":"https:\/\/www.notibras.com\/site\/raquel-come-joao-pelas-beiradas-e-poe-pt-de-pernambuco-no-governo\/","title":{"rendered":"Raquel come Jo\u00e3o pelas beiradas e p\u00f5e PT de Pernambuco no governo"},"content":{"rendered":"<p>Apesar dos resultados desastrosos para o partido no n\u00edvel estadual, os senadores do PT de Pernambuco, Humberto Costa e Teresa Leit\u00e3o, v\u00e3o insistir na alian\u00e7a com o PSB no pleito de 2026 com o \u00fanico objetivo de reeleger o senador Humberto Costa, em final de mandato.<\/p>\n<p>A posi\u00e7\u00e3o dos dois senadores, no entanto, n\u00e3o \u00e9 uma unanimidade no partido, e j\u00e1 conta inclusive com uma rea\u00e7\u00e3o da governadora Raquel Lyra (PSDB) que come\u00e7a a atrair para a sua base de apoio os quadros do PT pernambucano contr\u00e1rios \u00e0 continuidade dessa coliga\u00e7\u00e3o.<\/p>\n<p>Segundo a senadora Teresa Leit\u00e3o, continuar coligado ao PSB seria orienta\u00e7\u00e3o de Luiz In\u00e1cio Lula da Silva. O presidente estaria defendendo que o partido renunciasse a candidaturas para os governos estaduais com o objetivo de oxigenar sua bancada no Senado Federal.<\/p>\n<p>O fortalecimento da bancada seria um ant\u00eddoto para uma eventual aprova\u00e7\u00e3o, pela C\u00e2mara dos Deputados, de pedido de impeachment no prov\u00e1vel quarto mandato do presidente, cuja candidatura a mais uma reelei\u00e7\u00e3o \u00e9 quase uma unanimidade entre os petistas. A vota\u00e7\u00e3o do impeachment, como se sabe, \u00e9 da compet\u00eancia dos senadores.<\/p>\n<p>Embora admitindo que a manuten\u00e7\u00e3o da alian\u00e7a com o PSB ainda \u00e9 uma tend\u00eancia, a senadora Teresa Leit\u00e3o disse em entrevista nesta semana ao jornalista Jota Batista, da R\u00e1dio Folha FM, do Recife, que ainda n\u00e3o h\u00e1 uma defini\u00e7\u00e3o e que as coisas podem mudar no decorrer dos pr\u00f3ximos dois anos.<\/p>\n<p>Essa ressalva deve-se ao fato de um descontentamento de lideran\u00e7as locais do PT na coliga\u00e7\u00e3o com o PSB, que deixou o partido enfraquecido e alijado do processo pol\u00edtico, sem protagonismo no Estado e amargando uma fragorosa derrota no \u00faltimo pleito municipal: dos 184 munic\u00edpios de Pernambuco, o PT elegeu somente seis prefeitos, e ainda perdeu outros dois. J\u00e1 o PSB, do prefeito do Recife Jo\u00e3o Campos, que negou o vice ao PT, venceu em 31 prefeituras.<\/p>\n<p>De olho nesse descontentamento, a governadora Raquel Lyra (PSDB) respondeu na sexta-feira (08) \u00e0 agress\u00e3o que sofreu na semana passada do prefeito Jo\u00e3o Campos, pretendente \u00e0 sua cadeira no Pal\u00e1cio do Campos das Princesas nas elei\u00e7\u00f5es de 2026. Raquel, que projeta voos mais altos a m\u00e9dio prazo, nomeou um petista para a sua administra\u00e7\u00e3o. Ao comentar o resultado do pleito, Campos disse que a governadora, que elegeu 33 prefeitos, foi a grande derrotada nessas elei\u00e7\u00f5es municipais.<\/p>\n<p>Para minar a alian\u00e7a do PT com o PSB, a governadora abriu as portas do seu governo aos petistas nomeando o vice-prefeito do munic\u00edpio de \u00c1guas Belas, Maur\u00edcio de Josu\u00e9, para a presid\u00eancia da empresa ProRural, cargo antes ocupado por um indicado do PL. Ela tamb\u00e9m deve abandonar o ninho tucano de oposi\u00e7\u00e3o ao governo federal e se alojar no PSD, partido da base do governo Lula.<\/p>\n<p>Raquel Lyra tem feito mais em dire\u00e7\u00e3o a uma alian\u00e7a com o PT, ao conseguir trocar os sinais da bancada petista na Assembleia Legislativa, que de oposicionista ferrenha passou a votar favoravelmente aos projetos da governadora.<\/p>\n<p>Candidata natural \u00e0 reelei\u00e7\u00e3o, tendo como principal oponente o prefeito Jo\u00e3o Campos, Raquel Lyra, cuja fam\u00edlia tem hist\u00f3rico de lutas democr\u00e1ticas, afastou do seu governo os indicados do PL de Jair Bolsonaro para atrair os insatisfeitos do PT. Seu pai, Jo\u00e3o Lyra Neto, foi vice-governador de Eduardo Campos e assumiu o governo do estado quando o pai de Jo\u00e3o Campos renunciou para concorrer \u00e0 Presid\u00eancia da Rep\u00fablica, em 2014.<\/p>\n<p>Nos bastidores j\u00e1 se comenta que ela prepara um nocaute em Jo\u00e3o Campos, oferecendo a vaga de vice-governador a um indicado do PT, coisa que o prefeito negou ao Partido dos Trabalhadores.<\/p>\n","protected":false},"excerpt":{"rendered":"<p>Apesar dos resultados desastrosos para o partido no n\u00edvel estadual, os senadores do PT de Pernambuco, Humberto Costa e Teresa Leit\u00e3o, v\u00e3o insistir na alian\u00e7a com o PSB no pleito de 2026 com o \u00fanico objetivo de reeleger o senador Humberto Costa, em final de mandato. A posi\u00e7\u00e3o dos dois senadores, no entanto, n\u00e3o \u00e9 [&hellip;]<\/p>\n","protected":false},"author":2,"featured_media":340575,"comment_status":"closed","ping_status":"closed","sticky":false,"template":"","format":"standard","meta":{"_acf_changed":false,"footnotes":""},"categories":[165],"tags":[],"class_list":["post-340574","post","type-post","status-publish","format-standard","has-post-thumbnail","hentry","category-nordeste"],"acf":[],"_links":{"self":[{"href":"https:\/\/www.notibras.com\/site\/wp-json\/wp\/v2\/posts\/340574","targetHints":{"allow":["GET"]}}],"collection":[{"href":"https:\/\/www.notibras.com\/site\/wp-json\/wp\/v2\/posts"}],"about":[{"href":"https:\/\/www.notibras.com\/site\/wp-json\/wp\/v2\/types\/post"}],"author":[{"embeddable":true,"href":"https:\/\/www.notibras.com\/site\/wp-json\/wp\/v2\/users\/2"}],"replies":[{"embeddable":true,"href":"https:\/\/www.notibras.com\/site\/wp-json\/wp\/v2\/comments?post=340574"}],"version-history":[{"count":1,"href":"https:\/\/www.notibras.com\/site\/wp-json\/wp\/v2\/posts\/340574\/revisions"}],"predecessor-version":[{"id":340576,"href":"https:\/\/www.notibras.com\/site\/wp-json\/wp\/v2\/posts\/340574\/revisions\/340576"}],"wp:featuredmedia":[{"embeddable":true,"href":"https:\/\/www.notibras.com\/site\/wp-json\/wp\/v2\/media\/340575"}],"wp:attachment":[{"href":"https:\/\/www.notibras.com\/site\/wp-json\/wp\/v2\/media?parent=340574"}],"wp:term":[{"taxonomy":"category","embeddable":true,"href":"https:\/\/www.notibras.com\/site\/wp-json\/wp\/v2\/categories?post=340574"},{"taxonomy":"post_tag","embeddable":true,"href":"https:\/\/www.notibras.com\/site\/wp-json\/wp\/v2\/tags?post=340574"}],"curies":[{"name":"wp","href":"https:\/\/api.w.org\/{rel}","templated":true}]}}