{"id":340580,"date":"2024-11-10T00:01:22","date_gmt":"2024-11-10T03:01:22","guid":{"rendered":"https:\/\/www.notibras.com\/site\/?p=340580"},"modified":"2024-11-10T03:51:52","modified_gmt":"2024-11-10T06:51:52","slug":"vereadores-de-joao-pessoa-prometem-semana-movimentada","status":"publish","type":"post","link":"https:\/\/www.notibras.com\/site\/vereadores-de-joao-pessoa-prometem-semana-movimentada\/","title":{"rendered":"Vereadores de Jo\u00e3o Pessoa prometem semana movimentada"},"content":{"rendered":"<p>A semana que compreende o per\u00edodo de 11 a 15 de novembro ser\u00e1 marcada, na C\u00e2mara Municipal de Jo\u00e3o Pessoa, pela realiza\u00e7\u00e3o de sess\u00e3o solene para entrega de T\u00edtulo de Cidad\u00e3o Pessoense, Audi\u00eancia P\u00fablica da Sa\u00fade e sess\u00e3o especial alusiva ao Novembro Roxo.<\/p>\n<p>A primeira sess\u00e3o acontece na pr\u00f3xima segunda-feira (11), a partir das 14h, para entrega do T\u00edtulo de Cidad\u00e3o Pessoense ao ativista e produtor cultural Sandoval N\u00f3brega de Sousa. A propositura \u00e9 do vereador M\u00f4 Lima (PP). Na justificativa, o parlamentar explica que o homenageado foi um dos respons\u00e1veis pela implementa\u00e7\u00e3o da Lei Paulo Gustavo e da Pol\u00edtica Nacional Aldir Blanc, no munic\u00edpio de Jo\u00e3o Pessoa.<\/p>\n<p>Na ter\u00e7a-feira (12), a partir das 11h30, acontece a Audi\u00eancia P\u00fablica Quadrimestral de Sa\u00fade. O encontro atende a uma determina\u00e7\u00e3o legal (art. 36 a 41, da Lei Complementar Federal 141\/2012) que prev\u00ea que o gestor do Sistema \u00danico de Sa\u00fade (SUS) deve apresentar ao Legislativo, relat\u00f3rio referente ao quadrimestral anterior (de maio a agosto), indicando o montante e fonte dos recursos aplicados na sa\u00fade, as auditorias realizadas ou em fase de execu\u00e7\u00e3o, entre outras informa\u00e7\u00f5es.<\/p>\n<p>J\u00e1 na quarta-feira (13), a partir das 14h, a C\u00e2mara realiza sess\u00e3o especial alusiva ao Novembro Roxo, campanha que alerta para o risco da prematuridade. A propositura \u00e9 do vereador Carl\u00e3o (PL), que justificou a import\u00e2ncia da realiza\u00e7\u00e3o da sess\u00e3o para que o Parlamento se alinhe \u00e0s campanhas nacionais e internacionais de conscientiza\u00e7\u00e3o sobre o assunto.<\/p>\n","protected":false},"excerpt":{"rendered":"<p>A semana que compreende o per\u00edodo de 11 a 15 de novembro ser\u00e1 marcada, na C\u00e2mara Municipal de Jo\u00e3o Pessoa, pela realiza\u00e7\u00e3o de sess\u00e3o solene para entrega de T\u00edtulo de Cidad\u00e3o Pessoense, Audi\u00eancia P\u00fablica da Sa\u00fade e sess\u00e3o especial alusiva ao Novembro Roxo. A primeira sess\u00e3o acontece na pr\u00f3xima segunda-feira (11), a partir das 14h, [&hellip;]<\/p>\n","protected":false},"author":2,"featured_media":340581,"comment_status":"closed","ping_status":"closed","sticky":false,"template":"","format":"standard","meta":{"_acf_changed":false,"footnotes":""},"categories":[165],"tags":[],"class_list":["post-340580","post","type-post","status-publish","format-standard","has-post-thumbnail","hentry","category-nordeste"],"acf":[],"_links":{"self":[{"href":"https:\/\/www.notibras.com\/site\/wp-json\/wp\/v2\/posts\/340580","targetHints":{"allow":["GET"]}}],"collection":[{"href":"https:\/\/www.notibras.com\/site\/wp-json\/wp\/v2\/posts"}],"about":[{"href":"https:\/\/www.notibras.com\/site\/wp-json\/wp\/v2\/types\/post"}],"author":[{"embeddable":true,"href":"https:\/\/www.notibras.com\/site\/wp-json\/wp\/v2\/users\/2"}],"replies":[{"embeddable":true,"href":"https:\/\/www.notibras.com\/site\/wp-json\/wp\/v2\/comments?post=340580"}],"version-history":[{"count":1,"href":"https:\/\/www.notibras.com\/site\/wp-json\/wp\/v2\/posts\/340580\/revisions"}],"predecessor-version":[{"id":340582,"href":"https:\/\/www.notibras.com\/site\/wp-json\/wp\/v2\/posts\/340580\/revisions\/340582"}],"wp:featuredmedia":[{"embeddable":true,"href":"https:\/\/www.notibras.com\/site\/wp-json\/wp\/v2\/media\/340581"}],"wp:attachment":[{"href":"https:\/\/www.notibras.com\/site\/wp-json\/wp\/v2\/media?parent=340580"}],"wp:term":[{"taxonomy":"category","embeddable":true,"href":"https:\/\/www.notibras.com\/site\/wp-json\/wp\/v2\/categories?post=340580"},{"taxonomy":"post_tag","embeddable":true,"href":"https:\/\/www.notibras.com\/site\/wp-json\/wp\/v2\/tags?post=340580"}],"curies":[{"name":"wp","href":"https:\/\/api.w.org\/{rel}","templated":true}]}}