{"id":340586,"date":"2024-11-10T00:33:50","date_gmt":"2024-11-10T03:33:50","guid":{"rendered":"https:\/\/www.notibras.com\/site\/?p=340586"},"modified":"2024-11-10T04:35:46","modified_gmt":"2024-11-10T07:35:46","slug":"acidentes-com-escorpiao-crescem-e-assustam-muita-gente","status":"publish","type":"post","link":"https:\/\/www.notibras.com\/site\/acidentes-com-escorpiao-crescem-e-assustam-muita-gente\/","title":{"rendered":"Acidentes com escorpi\u00e3o crescem e assustam muita gente"},"content":{"rendered":"<p>A jornalista Ariane P\u00f3voa, de 40 anos, enfrentou nesta semana um dos maiores medos que toda m\u00e3e de crian\u00e7a pequena tem: precisou correr com a filha Amanda, de 1 ano e 4 meses, para o hospital, depois de verificar que a menina havia sido picada por um escorpi\u00e3o enquanto ainda estava no ber\u00e7o. \u201cEla acordou chorando muito, mas, na hora, n\u00e3o entendi o que era. Pensei que fosse dente nascendo. Ela come\u00e7ou a falar \u2018dod\u00f3i\u2019 e apontar para o bra\u00e7o. Quando fui arrumar o ber\u00e7o, achei o escorpi\u00e3o\u201d.<\/p>\n<p>\u201cGra\u00e7as a Deus, foi um quadro leve. Ela ficou bem, mas sentindo dor no local da picada\u201d, disse Ariane. Antes de conseguir atendimento para a filha, Ariane chegou a passar por uma unidade da rede p\u00fablica tida como refer\u00eancia para acidentes com escorpi\u00e3o em Bras\u00edlia. O local, entretanto, n\u00e3o oferece atendimento pedi\u00e1trico. \u201cS\u00f3 naquele dia, foram tr\u00eas casos de picada de escorpi\u00e3o em crian\u00e7as no Hospital Materno Infantil, onde conseguimos atendimento.\u201d<\/p>\n<p>Por morar em apartamento, a jornalista nunca imaginou que passaria por algo do tipo. O epis\u00f3dio ocorreu por volta das 5h30 de quarta-feira (6), e Amanda teve alta no fim da tarde. \u201cEla n\u00e3o apresentou n\u00e1usea, v\u00f4mito, calafrio, nem sudorese, mas, como \u00e9 protocolo, teve que ficar em observa\u00e7\u00e3o por seis horas\u201d, contou. \u201cDurante a madrugada e hoje de manh\u00e3, ela ainda teve febre e est\u00e1 um pouco mais enjoadinha. Estamos monitorando com a pediatra.\u201d<\/p>\n<p>Casos como o de Amanda tornam-se cada vez mais comuns no Brasil. Dados do Minist\u00e9rio da Sa\u00fade mostram que pelo menos 202.324 notifica\u00e7\u00f5es de acidentes com escorpi\u00f5es foram registradas no pa\u00eds ao longo do ano passado \u2013 20.243 a mais que o total registrado no ano anterior. Esta \u00e9 a primeira vez que o total de notifica\u00e7\u00f5es passa de 200 mil.<\/p>\n<p>O n\u00famero de mortes provocadas por picadas de escorpi\u00e3o tamb\u00e9m aumentou, passando de 92 em 2022 para 134 no ano passado. As mortes provocadas por acidentes com escorpi\u00e3o ultrapassaram at\u00e9 mesmo os \u00f3bitos causados por picadas de serpente que, no ano passado, totalizaram 133.<\/p>\n","protected":false},"excerpt":{"rendered":"<p>A jornalista Ariane P\u00f3voa, de 40 anos, enfrentou nesta semana um dos maiores medos que toda m\u00e3e de crian\u00e7a pequena tem: precisou correr com a filha Amanda, de 1 ano e 4 meses, para o hospital, depois de verificar que a menina havia sido picada por um escorpi\u00e3o enquanto ainda estava no ber\u00e7o. \u201cEla acordou [&hellip;]<\/p>\n","protected":false},"author":2,"featured_media":340587,"comment_status":"closed","ping_status":"closed","sticky":false,"template":"","format":"standard","meta":{"_acf_changed":false,"footnotes":""},"categories":[161],"tags":[],"class_list":["post-340586","post","type-post","status-publish","format-standard","has-post-thumbnail","hentry","category-quadradinho-em-foco"],"acf":[],"_links":{"self":[{"href":"https:\/\/www.notibras.com\/site\/wp-json\/wp\/v2\/posts\/340586","targetHints":{"allow":["GET"]}}],"collection":[{"href":"https:\/\/www.notibras.com\/site\/wp-json\/wp\/v2\/posts"}],"about":[{"href":"https:\/\/www.notibras.com\/site\/wp-json\/wp\/v2\/types\/post"}],"author":[{"embeddable":true,"href":"https:\/\/www.notibras.com\/site\/wp-json\/wp\/v2\/users\/2"}],"replies":[{"embeddable":true,"href":"https:\/\/www.notibras.com\/site\/wp-json\/wp\/v2\/comments?post=340586"}],"version-history":[{"count":1,"href":"https:\/\/www.notibras.com\/site\/wp-json\/wp\/v2\/posts\/340586\/revisions"}],"predecessor-version":[{"id":340588,"href":"https:\/\/www.notibras.com\/site\/wp-json\/wp\/v2\/posts\/340586\/revisions\/340588"}],"wp:featuredmedia":[{"embeddable":true,"href":"https:\/\/www.notibras.com\/site\/wp-json\/wp\/v2\/media\/340587"}],"wp:attachment":[{"href":"https:\/\/www.notibras.com\/site\/wp-json\/wp\/v2\/media?parent=340586"}],"wp:term":[{"taxonomy":"category","embeddable":true,"href":"https:\/\/www.notibras.com\/site\/wp-json\/wp\/v2\/categories?post=340586"},{"taxonomy":"post_tag","embeddable":true,"href":"https:\/\/www.notibras.com\/site\/wp-json\/wp\/v2\/tags?post=340586"}],"curies":[{"name":"wp","href":"https:\/\/api.w.org\/{rel}","templated":true}]}}