{"id":340589,"date":"2024-11-10T00:00:23","date_gmt":"2024-11-10T03:00:23","guid":{"rendered":"https:\/\/www.notibras.com\/site\/?p=340589"},"modified":"2024-11-10T04:43:18","modified_gmt":"2024-11-10T07:43:18","slug":"ainda-da-tempo-de-passar-na-feira-de-ciencia-e-tecnologia","status":"publish","type":"post","link":"https:\/\/www.notibras.com\/site\/ainda-da-tempo-de-passar-na-feira-de-ciencia-e-tecnologia\/","title":{"rendered":"Ainda d\u00e1 tempo de passar na feira de Ci\u00eancia e Tecnologia"},"content":{"rendered":"<p>Termina neste domingo (10) a Semana Nacional de Ci\u00eancia e Tecnologia, que reuniu, ao longo desta semana estudantes, professores, pesquisadores e p\u00fablico geral de todas as idades para participar de debates, palestras, exposi\u00e7\u00f5es e jogos sobre biodiversidade, preserva\u00e7\u00e3o de vegeta\u00e7\u00f5es nativas, e o enfrentamento da desinforma\u00e7\u00e3o.<\/p>\n<p>A feira \u00e9 uma iniciativa da Secretaria de Pol\u00edticas Digitais da Secretaria de Comunica\u00e7\u00e3o Social da Presid\u00eancia da Rep\u00fablica em parceria com o Minist\u00e9rio da Ci\u00eancia, Tecnologia e Inova\u00e7\u00e3o, o Instituto Brasileiro de Informa\u00e7\u00e3o em Ci\u00eancia e Tecnologia, o Conselho de Desenvolvimento Econ\u00f4mico Social Sustent\u00e1vel e o Minist\u00e9rio da Educa\u00e7\u00e3o.<\/p>\n<p>O p\u00fablico ainda pode aproveitar atra\u00e7\u00f5es, como shows, circuitos, oficinas, apresenta\u00e7\u00f5es e atividades e projetos. Os eventos ocorrem presencialmente e online, confira aqui a programa\u00e7\u00e3o do evento.<\/p>\n<p>Programa: Circuito de Ci\u00eancias das Escolas P\u00fablicas do DF<br \/>\nHor\u00e1rio: 08h30 \u00e0s 17h00<\/p>\n<p>Estande MCTI<\/p>\n<p>Programa: Projeto Realidade Aumentada<br \/>\nHor\u00e1rio: 8h30 \u00e0s 12h<\/p>\n<p>Programa: Apresenta\u00e7\u00e3o de trabalhos da Mostra Nacional de Feiras<br \/>\nHor\u00e1rio: 8h30 \u00e0s 17h<\/p>\n<p>Programa: Oficinas e apresenta\u00e7\u00f5es das Olimp\u00edadas Cient\u00edficas<br \/>\nHor\u00e1rio: 8h30 \u00e0s 17h<\/p>\n<p>Programa: Atividades do Projeto Manna<br \/>\nHor\u00e1rio: 8h30 \u00e0s 17h<\/p>\n<p>Programa: Atividades do Projeto Mar\u00e9 de Ci\u00eancia<br \/>\nHor\u00e1rio: 8h30 \u00e0s 17h<\/p>\n<p>Programa: Projeto Instituto Eldorado \u2013 \u00f3culos de realidade virtual<br \/>\nHor\u00e1rio: 8h30 \u00e0s 17h<\/p>\n<p>Programa: Projeto Amaz\u00f4nia Viva \u2013 \u00f3culos virtual<br \/>\nHor\u00e1rio: 8h30 \u00e0s 17h<\/p>\n","protected":false},"excerpt":{"rendered":"<p>Termina neste domingo (10) a Semana Nacional de Ci\u00eancia e Tecnologia, que reuniu, ao longo desta semana estudantes, professores, pesquisadores e p\u00fablico geral de todas as idades para participar de debates, palestras, exposi\u00e7\u00f5es e jogos sobre biodiversidade, preserva\u00e7\u00e3o de vegeta\u00e7\u00f5es nativas, e o enfrentamento da desinforma\u00e7\u00e3o. A feira \u00e9 uma iniciativa da Secretaria de Pol\u00edticas [&hellip;]<\/p>\n","protected":false},"author":2,"featured_media":340590,"comment_status":"closed","ping_status":"closed","sticky":false,"template":"","format":"standard","meta":{"_acf_changed":false,"footnotes":""},"categories":[161],"tags":[],"class_list":["post-340589","post","type-post","status-publish","format-standard","has-post-thumbnail","hentry","category-quadradinho-em-foco"],"acf":[],"_links":{"self":[{"href":"https:\/\/www.notibras.com\/site\/wp-json\/wp\/v2\/posts\/340589","targetHints":{"allow":["GET"]}}],"collection":[{"href":"https:\/\/www.notibras.com\/site\/wp-json\/wp\/v2\/posts"}],"about":[{"href":"https:\/\/www.notibras.com\/site\/wp-json\/wp\/v2\/types\/post"}],"author":[{"embeddable":true,"href":"https:\/\/www.notibras.com\/site\/wp-json\/wp\/v2\/users\/2"}],"replies":[{"embeddable":true,"href":"https:\/\/www.notibras.com\/site\/wp-json\/wp\/v2\/comments?post=340589"}],"version-history":[{"count":1,"href":"https:\/\/www.notibras.com\/site\/wp-json\/wp\/v2\/posts\/340589\/revisions"}],"predecessor-version":[{"id":340591,"href":"https:\/\/www.notibras.com\/site\/wp-json\/wp\/v2\/posts\/340589\/revisions\/340591"}],"wp:featuredmedia":[{"embeddable":true,"href":"https:\/\/www.notibras.com\/site\/wp-json\/wp\/v2\/media\/340590"}],"wp:attachment":[{"href":"https:\/\/www.notibras.com\/site\/wp-json\/wp\/v2\/media?parent=340589"}],"wp:term":[{"taxonomy":"category","embeddable":true,"href":"https:\/\/www.notibras.com\/site\/wp-json\/wp\/v2\/categories?post=340589"},{"taxonomy":"post_tag","embeddable":true,"href":"https:\/\/www.notibras.com\/site\/wp-json\/wp\/v2\/tags?post=340589"}],"curies":[{"name":"wp","href":"https:\/\/api.w.org\/{rel}","templated":true}]}}