{"id":340592,"date":"2024-11-10T00:02:37","date_gmt":"2024-11-10T03:02:37","guid":{"rendered":"https:\/\/www.notibras.com\/site\/?p=340592"},"modified":"2024-11-10T04:51:05","modified_gmt":"2024-11-10T07:51:05","slug":"aluguel-social-socorre-mulheres-vitimas-de-violencia-domestica","status":"publish","type":"post","link":"https:\/\/www.notibras.com\/site\/aluguel-social-socorre-mulheres-vitimas-de-violencia-domestica\/","title":{"rendered":"Aluguel Social socorre mulheres v\u00edtimas de viol\u00eancia dom\u00e9stica"},"content":{"rendered":"<p>Com o objetivo de auxiliar v\u00edtimas de viol\u00eancia dom\u00e9stica em situa\u00e7\u00e3o de vulnerabilidade social, o Governo do Distrito Federal (GDF) lan\u00e7ou este ano o Aluguel Social, benef\u00edcio financeiro tempor\u00e1rio e complementar no valor de R$ 600 para ser utilizado pelas mulheres para custear moradia. O aux\u00edlio \u00e9 concedido mensalmente \u00e0s benefici\u00e1rias durante seis meses prorrog\u00e1vel por igual per\u00edodo. O recurso \u00e9 uma forma de amparo e incentivo para que as v\u00edtimas saiam do ciclo de viol\u00eancia.<\/p>\n<p>A secret\u00e1ria da Mulher, Giselle Ferreira, explica que o benef\u00edcio permite que a mulher encontre um local seguro, afastando-a do ambiente de viol\u00eancia. \u201cO aux\u00edlio financeiro ajuda a promover a autonomia da mulher. Com um novo local para morar, ela pode tomar decis\u00f5es sobre a vida dela sem a influ\u00eancia ou o controle do agressor. Proporciona um espa\u00e7o seguro e est\u00e1vel, contribuindo para um ambiente familiar mais saud\u00e1vel\u201d, destaca. \u201cAl\u00e9m de facilitar o acesso a servi\u00e7os de apoio, como assist\u00eancia social, atendimento psicol\u00f3gico e capacita\u00e7\u00e3o profissional, que s\u00e3o fundamentais para uma recupera\u00e7\u00e3o completa\u201d, acrescenta.<\/p>\n<p>Isso foi o que aconteceu com Maria*, 47 anos. Desde 2018, a mulher lida com persegui\u00e7\u00f5es de um ex-companheiro que passou a agredi-la e tentar mat\u00e1-la quando ela quis encerrar a rela\u00e7\u00e3o. \u201cEle nunca aceitou o t\u00e9rmino e come\u00e7ou a persegui\u00e7\u00e3o. Eu me mudava e ele ia atr\u00e1s de mim. Foram v\u00e1rias tentativas de feminic\u00eddio. At\u00e9 que este ano o promotor solicitou um aux\u00edlio aluguel. Nem acreditei quando entraram em contato comigo\u201d, conta.<\/p>\n<p>Outubro foi o primeiro m\u00eas que Maria recebeu o Aluguel Social. \u201cEle veio como uma luva. Mais do que me ajudar a pagar um lugar para morar foi o piv\u00f4 de uma virada na minha vida. Foi gra\u00e7as ao Aluguel Social que passei a receber suporte da Secretaria da Mulher. Al\u00e9m do incentivo financeiro, agora eu tenho um apoio psicol\u00f3gico\u201d, afirma. Esse suporte emocional \u00e9 fundamental para a mulher que desenvolveu transtornos mentais ap\u00f3s as situa\u00e7\u00f5es de viol\u00eancia que vivenciou com o ex-namorado.<\/p>\n<p>\u201cEu precisava muito desse apoio psicol\u00f3gico, porque eu passei a ser uma pessoa insoci\u00e1vel e ter p\u00e2nico de tudo. Isso me atrapalhou at\u00e9 no aspecto profissional. Eu fazia bolos para vender e at\u00e9 isso eu parei porque eu tinha medo de sair\u201d, lembra. Agora, o pr\u00f3ximo passo de Maria \u00e9 se inscrever em um dos programas de capacita\u00e7\u00e3o oferecido pelo GDF.<\/p>\n<p>Benefici\u00e1ria do aux\u00edlio, ela destaca a import\u00e2ncia para as v\u00edtimas de viol\u00eancia. \u201cRealmente o Aluguel Social \u00e9 um benef\u00edcio muito importante n\u00e3o s\u00f3 para mim, mas para muitas outras mulheres. Porque muitas n\u00e3o t\u00eam condi\u00e7\u00f5es de pagar um aluguel, ent\u00e3o acabam ficando com o cara e se sujeitando pela dificuldade financeira\u201d, comenta.<\/p>\n<p><strong>Como solicitar <\/strong><br \/>\nRegulamentado pelo Decreto n\u00ba 45.989\/24 e de responsabilidade da Secretaria da Mulher, o benef\u00edcio \u00e9 voltado para mulheres v\u00edtimas de viol\u00eancia dom\u00e9stica no DF que sejam atendidas pelos equipamentos da Rede de Prote\u00e7\u00e3o \u00e0 Mulher V\u00edtima de Viol\u00eancia.<\/p>\n<p>Para solicitar o benef\u00edcio, a solicitante precisa ter uma medida protetiva vigente e fazer o pedido em um dos equipamentos da pasta, como a Casa da Mulher Brasileira, os Centros Especializados de Atendimento \u00e0s Mulheres (Ceams), os Espa\u00e7os Acolher e os Comit\u00eas de Prote\u00e7\u00e3o da Mulher. A concess\u00e3o ser\u00e1 avaliada por uma equipe multidisciplinar.<\/p>\n<p>O recurso deve ser utilizado exclusivamente para despesas de moradia. Todas as benefici\u00e1rias s\u00e3o acompanhadas continuamente durante o per\u00edodo do recebimento do aux\u00edlio. Entre as obriga\u00e7\u00f5es, est\u00e3o a apresenta\u00e7\u00e3o mensal de documentos que comprovem o uso do recurso para o aluguel, a participa\u00e7\u00e3o em atendimentos psicossociais conforme determinado no Plano de Atendimento Personalizado e a inscri\u00e7\u00e3o no Cadastro \u00danico para Programas Sociais (Cad\u00danico).<\/p>\n<p><strong>*Nome fict\u00edcio para preservar a identidade da v\u00edtima<\/strong><\/p>\n","protected":false},"excerpt":{"rendered":"<p>Com o objetivo de auxiliar v\u00edtimas de viol\u00eancia dom\u00e9stica em situa\u00e7\u00e3o de vulnerabilidade social, o Governo do Distrito Federal (GDF) lan\u00e7ou este ano o Aluguel Social, benef\u00edcio financeiro tempor\u00e1rio e complementar no valor de R$ 600 para ser utilizado pelas mulheres para custear moradia. O aux\u00edlio \u00e9 concedido mensalmente \u00e0s benefici\u00e1rias durante seis meses prorrog\u00e1vel [&hellip;]<\/p>\n","protected":false},"author":2,"featured_media":340593,"comment_status":"closed","ping_status":"closed","sticky":false,"template":"","format":"standard","meta":{"_acf_changed":false,"footnotes":""},"categories":[161],"tags":[],"class_list":["post-340592","post","type-post","status-publish","format-standard","has-post-thumbnail","hentry","category-quadradinho-em-foco"],"acf":[],"_links":{"self":[{"href":"https:\/\/www.notibras.com\/site\/wp-json\/wp\/v2\/posts\/340592","targetHints":{"allow":["GET"]}}],"collection":[{"href":"https:\/\/www.notibras.com\/site\/wp-json\/wp\/v2\/posts"}],"about":[{"href":"https:\/\/www.notibras.com\/site\/wp-json\/wp\/v2\/types\/post"}],"author":[{"embeddable":true,"href":"https:\/\/www.notibras.com\/site\/wp-json\/wp\/v2\/users\/2"}],"replies":[{"embeddable":true,"href":"https:\/\/www.notibras.com\/site\/wp-json\/wp\/v2\/comments?post=340592"}],"version-history":[{"count":1,"href":"https:\/\/www.notibras.com\/site\/wp-json\/wp\/v2\/posts\/340592\/revisions"}],"predecessor-version":[{"id":340594,"href":"https:\/\/www.notibras.com\/site\/wp-json\/wp\/v2\/posts\/340592\/revisions\/340594"}],"wp:featuredmedia":[{"embeddable":true,"href":"https:\/\/www.notibras.com\/site\/wp-json\/wp\/v2\/media\/340593"}],"wp:attachment":[{"href":"https:\/\/www.notibras.com\/site\/wp-json\/wp\/v2\/media?parent=340592"}],"wp:term":[{"taxonomy":"category","embeddable":true,"href":"https:\/\/www.notibras.com\/site\/wp-json\/wp\/v2\/categories?post=340592"},{"taxonomy":"post_tag","embeddable":true,"href":"https:\/\/www.notibras.com\/site\/wp-json\/wp\/v2\/tags?post=340592"}],"curies":[{"name":"wp","href":"https:\/\/api.w.org\/{rel}","templated":true}]}}