{"id":340595,"date":"2024-11-10T00:00:14","date_gmt":"2024-11-10T03:00:14","guid":{"rendered":"https:\/\/www.notibras.com\/site\/?p=340595"},"modified":"2024-11-10T04:57:09","modified_gmt":"2024-11-10T07:57:09","slug":"saiba-como-e-onde-descartar-embalagens-de-vidro-corretamente","status":"publish","type":"post","link":"https:\/\/www.notibras.com\/site\/saiba-como-e-onde-descartar-embalagens-de-vidro-corretamente\/","title":{"rendered":"Saiba como e onde descartar embalagens de vidro corretamente"},"content":{"rendered":"<p>Voc\u00ea sabe onde descartar embalagens de vidro, como frascos, garrafas e at\u00e9 mesmo copos quebrados? Os materiais devem ser levados a Pontos de Entrega Volunt\u00e1ria (PEVs), sem res\u00edduos e armazenados corretamente, preferencialmente em caixas de papel\u00e3o para evitar acidentes. Os pontos de coleta est\u00e3o espalhados pelo Distrito Federal, em regi\u00f5es como Gama, Santa Maria, Guar\u00e1, Sobradinho e Plano Piloto, sob responsabilidade da Secretaria do Meio Ambiente (Sema-DF).<\/p>\n<p>Os objetos devem estar sem l\u00edquidos e sem r\u00f3tulos ou tampas. Os pap\u00e9is, pl\u00e1sticos e metais devem ser destinados \u00e0 coleta seletiva. Al\u00e9m disso, o cidad\u00e3o deve descartar o vidro corretamente para garantir a seguran\u00e7a de garis e catadores. \u201cUm material descartado com resto de bebida ou comida causa mau cheiro ao espa\u00e7o da cooperativa e pode atrair vetores de doen\u00e7as, como roedores e baratas, prejudicando o trabalho e o bem-estar das pessoas. O ideal \u00e9 descartar recipientes secos e limpos\u201d, explica o coordenador de Res\u00edduos S\u00f3lidos da Sema-DF, Amir Bittar.<\/p>\n<p>O vidro que chega aos pontos de coleta \u00e9 triado por cooperativas de catadores e s\u00e3o vendidos a ind\u00fastrias para tritura\u00e7\u00e3o e reinser\u00e7\u00e3o no setor produtivo. \u201cAs embalagens s\u00e3o recicladas e transformadas em outros produtos. Esse processo evita que haja extra\u00e7\u00e3o de mais mat\u00e9ria-prima da natureza para novas embalagens\u201d, frisa Bittar. \u201cAo fazer a separa\u00e7\u00e3o e o descarte correto, a popula\u00e7\u00e3o contribui com a preserva\u00e7\u00e3o do meio ambiente, j\u00e1 que o vidro \u00e9 um material que demora a degradar e, ao ir para o lixo comum, acaba diminuindo a vida \u00fatil do aterro sanit\u00e1rio.\u201d<\/p>\n<p>Neste ano, o Governo do Distrito Federal (GDF) adquiriu o maquin\u00e1rio necess\u00e1rio para a tritura\u00e7\u00e3o do vidro no Completo Integrado de Reciclagem (CIR), um dos mais modernos espa\u00e7os p\u00fablicos para reaproveitamento de res\u00edduos do pa\u00eds. O equipamento est\u00e1 em fase de instala\u00e7\u00e3o, com funcionamento previsto para o in\u00edcio de 2025. A gest\u00e3o do CIR \u00e9 compartilhada entre o Servi\u00e7o de Limpeza Urbana (SLU), a Sema-DF, a Central de Cooperativas de Catadores de Materiais Recicl\u00e1veis do DF (Centcoop) e as associa\u00e7\u00f5es de catadores que atuam na regi\u00e3o.<\/p>\n<p>O chefe da Unidade de Sustentabilidade e Mobiliza\u00e7\u00e3o Social do SLU, Francisco Mendes, afirma que o maquin\u00e1rio ter\u00e1 impacto na gera\u00e7\u00e3o de renda das cooperativas. \u201cSer\u00e1 a primeira m\u00e1quina que teremos em Bras\u00edlia para fazer a tritura\u00e7\u00e3o das embalagens de vidro, agregando mais valor \u00e0s opera\u00e7\u00f5es das cooperativas\u201d, explica. \u201cA Centcoop, por meio do complexo, poder\u00e1 centralizar a tritura\u00e7\u00e3o das embalagens de vidro, otimizando tamb\u00e9m o transporte dos materiais, que ter\u00e3o a granulometria definida pelo mercado.\u201d<\/p>\n<p>Atualmente, o SLU mant\u00e9m 42 contratos de coleta seletiva e triagem com 31 cooperativas. \u201cAcreditamos que haver\u00e1 um impacto positivo na melhora de pre\u00e7o de mercado a partir do momento em que a m\u00e1quina de tritura\u00e7\u00e3o come\u00e7ar a funcionar, em que as cooperativas ser\u00e3o melhor remuneradas\u201d, enfatiza Mendes.<\/p>\n<p>Os pontos de coleta est\u00e3o dispon\u00edveis no site da Sema-DF. Na p\u00e1gina, o cidad\u00e3o pode identificar tamb\u00e9m os locais apropriados para o recebimento de eletroeletr\u00f4nicos, l\u00e2mpadas \u2013 que n\u00e3o devem ser levadas aos PEVs que recebem vidro -, medicamentos, \u00f3leo de cozinha, pilhas e baterias, pneus, televis\u00e3o anal\u00f3gica e chapa de raio-X.<\/p>\n","protected":false},"excerpt":{"rendered":"<p>Voc\u00ea sabe onde descartar embalagens de vidro, como frascos, garrafas e at\u00e9 mesmo copos quebrados? Os materiais devem ser levados a Pontos de Entrega Volunt\u00e1ria (PEVs), sem res\u00edduos e armazenados corretamente, preferencialmente em caixas de papel\u00e3o para evitar acidentes. Os pontos de coleta est\u00e3o espalhados pelo Distrito Federal, em regi\u00f5es como Gama, Santa Maria, Guar\u00e1, [&hellip;]<\/p>\n","protected":false},"author":2,"featured_media":340596,"comment_status":"closed","ping_status":"closed","sticky":false,"template":"","format":"standard","meta":{"_acf_changed":false,"footnotes":""},"categories":[161],"tags":[],"class_list":["post-340595","post","type-post","status-publish","format-standard","has-post-thumbnail","hentry","category-quadradinho-em-foco"],"acf":[],"_links":{"self":[{"href":"https:\/\/www.notibras.com\/site\/wp-json\/wp\/v2\/posts\/340595","targetHints":{"allow":["GET"]}}],"collection":[{"href":"https:\/\/www.notibras.com\/site\/wp-json\/wp\/v2\/posts"}],"about":[{"href":"https:\/\/www.notibras.com\/site\/wp-json\/wp\/v2\/types\/post"}],"author":[{"embeddable":true,"href":"https:\/\/www.notibras.com\/site\/wp-json\/wp\/v2\/users\/2"}],"replies":[{"embeddable":true,"href":"https:\/\/www.notibras.com\/site\/wp-json\/wp\/v2\/comments?post=340595"}],"version-history":[{"count":1,"href":"https:\/\/www.notibras.com\/site\/wp-json\/wp\/v2\/posts\/340595\/revisions"}],"predecessor-version":[{"id":340597,"href":"https:\/\/www.notibras.com\/site\/wp-json\/wp\/v2\/posts\/340595\/revisions\/340597"}],"wp:featuredmedia":[{"embeddable":true,"href":"https:\/\/www.notibras.com\/site\/wp-json\/wp\/v2\/media\/340596"}],"wp:attachment":[{"href":"https:\/\/www.notibras.com\/site\/wp-json\/wp\/v2\/media?parent=340595"}],"wp:term":[{"taxonomy":"category","embeddable":true,"href":"https:\/\/www.notibras.com\/site\/wp-json\/wp\/v2\/categories?post=340595"},{"taxonomy":"post_tag","embeddable":true,"href":"https:\/\/www.notibras.com\/site\/wp-json\/wp\/v2\/tags?post=340595"}],"curies":[{"name":"wp","href":"https:\/\/api.w.org\/{rel}","templated":true}]}}