{"id":340598,"date":"2024-11-10T05:47:47","date_gmt":"2024-11-10T08:47:47","guid":{"rendered":"https:\/\/www.notibras.com\/site\/?p=340598"},"modified":"2024-11-10T05:47:47","modified_gmt":"2024-11-10T08:47:47","slug":"aliados-fogem-da-toca-de-cleber-temendo-novas-macaquices","status":"publish","type":"post","link":"https:\/\/www.notibras.com\/site\/aliados-fogem-da-toca-de-cleber-temendo-novas-macaquices\/","title":{"rendered":"Aliados fogem da toca de Cl\u00e9ber temendo novas macaquices"},"content":{"rendered":"<p>Quanto mais se aproxima o dia 17 (no bicho, \u00e9 quem faz macaquices) os apoiadores de Cl\u00e9ber Lopes come\u00e7am a sair da toca (o coelho, n\u00famero 10) e correr para candidaturas mais vi\u00e1veis, como quem v\u00ea que o barco est\u00e1 naufragando. \u00c0 medida em que o tempo passa, descobre-se que quem se vende como pule de 10, tem feito papel de cavalo paraguaio. Um pangar\u00e9 que, mesmo tendo sa\u00eddo na frente, perdeu f\u00f4lego no meio do caminho, trope\u00e7ou nas pr\u00f3prias patas, e tr\u00f4pego, s\u00f3 est\u00e1 na luta para atrapalhar o meio de campo.<\/p>\n<p>Com isso, os advogados veem crescer a polariza\u00e7\u00e3o entre Everardo Vev\u00e9 Gueiros e Paulo Poli Maur\u00edcio. O entendimento geral \u00e9 o de que as outras duas candidaturas s\u00e3o meras coadjuvantes buscando ocupar espa\u00e7o na m\u00eddia de olho em uma outra elei\u00e7\u00e3o &#8211; a de 2026, quando estar\u00e3o em jogo 24 cadeiras de deputados distritais.<\/p>\n<p>As incoer\u00eancias de Cl\u00e9ber ficaram demonstradas mais uma vez no debate realizado na C\u00e2mara Legislativa, onde o candidato da Chapa Verde, cabisbaixo, incentivou o caos generalizado. O palco teve constantes interrup\u00e7\u00f5es e ataques pessoais. A proposta de elevar o n\u00edvel das discuss\u00f5es e priorizar as projetos acabou sufocada por um espet\u00e1culo de vaidades e confrontos diretos, com poucos momentos de verdadeira discuss\u00e3o sobre os desafios da advocacia na capital da Rep\u00fablica.<\/p>\n<p>Ningu\u00e9m nega que Everardo Gueiros foi o candidato que mais se destacou, n\u00e3o apenas por suas propostas s\u00f3lidas, mas por sua capacidade de trazer seriedade ao debate. Em meio \u00e0s trocas de acusa\u00e7\u00f5es e interrup\u00e7\u00f5es, Vev\u00e9 chamou a aten\u00e7\u00e3o para o papel do evento:<\/p>\n<p>\u201cEstamos aqui para discutir propostas e o futuro da advocacia. O que estamos vendo \u00e9 uma vergonha para a nossa classe\u201d, afirmou. Ao criticar Cristiane Damasceno, ele n\u00e3o hesitou em abordar a quest\u00e3o das viagens: \u201cPago pela OAB, Cris, com o dinheiro da Ordem, passeando. N\u00e3o \u00e9 poss\u00edvel!\u201d.<\/p>\n<p>Al\u00e9m disso, Gueiros enfatizou a import\u00e2ncia de uma gest\u00e3o inclusiva e eficiente, destacando que sua chapa representa verdadeiramente a diversidade da advocacia.<\/p>\n<p>J\u00e1 Paulo Poli Maur\u00edcio, candidato da situa\u00e7\u00e3o, postou-se excessivamente burocr\u00e1tico, titubeante. \u201cN\u00e3o h\u00e1 d\u00edvidas. Basta olhar o nosso portal de transpar\u00eancia. Precisamos ser s\u00e9rios com a advocacia\u201d. Essa resposta, embora direta, foi criticada por sua superficialidade e falta de embasamento. Poli, segundo quem acompanhou o debate, n\u00e3o apresentou detalhes ou n\u00fameros concretos que comprovassem a solidez das finan\u00e7as da OAB. Sua defesa refor\u00e7ou a percep\u00e7\u00e3o de que ele representa apenas a manuten\u00e7\u00e3o do status quo, sem oferecer solu\u00e7\u00f5es inovadoras para os problemas que afligem a advocacia local. Nem por isso deixou de ser visto como o principal oponente de Vev\u00e9 Gueiros. Mas bater Vev\u00e9, ainda de acordo com observadores, ser\u00e1 tarefa dif\u00edcil, uma vez que a categoria prega cada vez mais o fim do continu\u00edsmo na Ordem.<\/p>\n<p>Mas a situa\u00e7\u00e3o ficou feia mesmo para Cl\u00e9ber Lopes, quando ele escancarou uma esp\u00e9cie de retrato do elitismo e da falta de sensibilidade. Ele chegou mesmo a esbo\u00e7ar uma postura combativa, mas suas declara\u00e7\u00f5es pol\u00eamicas foram um tiro no p\u00e9. Em uma de suas falas mais criticadas, atacou diretamente a inclus\u00e3o de manifesta\u00e7\u00f5es culturais em eventos da OAB: \u201cTransformaram a entrega de carteiras numa Feira de Acari. Tocaram at\u00e9 rap!\u201d, ironizou.<\/p>\n<p>Essa declara\u00e7\u00e3o revelou um desprezo evidente pelas manifesta\u00e7\u00f5es culturais populares e refor\u00e7ou a percep\u00e7\u00e3o de elitismo. Cleber Lopes deixou claro que sua vis\u00e3o de advocacia \u00e9 restrita a um grupo seleto, desconectado das realidades sociais e culturais da maioria dos advogados. Tamb\u00e9m pegou mal para ele quando foi confrontado sobre a grava\u00e7\u00e3o n\u00e3o autorizada de uma reuni\u00e3o privada com Cristiane Damasceno, o que gerou acusa\u00e7\u00f5es de conduta anti\u00e9tica e mis\u00f3gina.<\/p>\n<p>Sua justificativa (\u201cFiz o que era necess\u00e1rio para expor a verdade\u201d) foi recebida com ceticismo, destacando ainda mais seu desrespeito pelos princ\u00edpios b\u00e1sicos de \u00e9tica e confidencialidade. O candidato verde tamb\u00e9m se mostrou incapaz de apresentar propostas concretas para os desafios da OAB. Quando questionado sobre como pretende lidar com o d\u00e9ficit de representatividade na Ordem, desviou o foco para cr\u00edticas gen\u00e9ricas \u00e0 gest\u00e3o atual, sem oferecer solu\u00e7\u00f5es espec\u00edficas. Como as chuvas continuam a cair forte sobre Bras\u00edlia, e a grama est\u00e1 verde, a vaca, tirando um zero, est\u00e1 indo diretamente para o brejo.<\/p>\n","protected":false},"excerpt":{"rendered":"<p>Quanto mais se aproxima o dia 17 (no bicho, \u00e9 quem faz macaquices) os apoiadores de Cl\u00e9ber Lopes come\u00e7am a sair da toca (o coelho, n\u00famero 10) e correr para candidaturas mais vi\u00e1veis, como quem v\u00ea que o barco est\u00e1 naufragando. \u00c0 medida em que o tempo passa, descobre-se que quem se vende como pule [&hellip;]<\/p>\n","protected":false},"author":2,"featured_media":340599,"comment_status":"closed","ping_status":"closed","sticky":false,"template":"","format":"standard","meta":{"_acf_changed":false,"footnotes":""},"categories":[161],"tags":[],"class_list":["post-340598","post","type-post","status-publish","format-standard","has-post-thumbnail","hentry","category-quadradinho-em-foco"],"acf":[],"_links":{"self":[{"href":"https:\/\/www.notibras.com\/site\/wp-json\/wp\/v2\/posts\/340598","targetHints":{"allow":["GET"]}}],"collection":[{"href":"https:\/\/www.notibras.com\/site\/wp-json\/wp\/v2\/posts"}],"about":[{"href":"https:\/\/www.notibras.com\/site\/wp-json\/wp\/v2\/types\/post"}],"author":[{"embeddable":true,"href":"https:\/\/www.notibras.com\/site\/wp-json\/wp\/v2\/users\/2"}],"replies":[{"embeddable":true,"href":"https:\/\/www.notibras.com\/site\/wp-json\/wp\/v2\/comments?post=340598"}],"version-history":[{"count":1,"href":"https:\/\/www.notibras.com\/site\/wp-json\/wp\/v2\/posts\/340598\/revisions"}],"predecessor-version":[{"id":340600,"href":"https:\/\/www.notibras.com\/site\/wp-json\/wp\/v2\/posts\/340598\/revisions\/340600"}],"wp:featuredmedia":[{"embeddable":true,"href":"https:\/\/www.notibras.com\/site\/wp-json\/wp\/v2\/media\/340599"}],"wp:attachment":[{"href":"https:\/\/www.notibras.com\/site\/wp-json\/wp\/v2\/media?parent=340598"}],"wp:term":[{"taxonomy":"category","embeddable":true,"href":"https:\/\/www.notibras.com\/site\/wp-json\/wp\/v2\/categories?post=340598"},{"taxonomy":"post_tag","embeddable":true,"href":"https:\/\/www.notibras.com\/site\/wp-json\/wp\/v2\/tags?post=340598"}],"curies":[{"name":"wp","href":"https:\/\/api.w.org\/{rel}","templated":true}]}}