{"id":340601,"date":"2024-11-10T05:59:04","date_gmt":"2024-11-10T08:59:04","guid":{"rendered":"https:\/\/www.notibras.com\/site\/?p=340601"},"modified":"2024-11-10T09:14:44","modified_gmt":"2024-11-10T12:14:44","slug":"filhas-loiras-puxaram-ao-pai-que-e-careca","status":"publish","type":"post","link":"https:\/\/www.notibras.com\/site\/filhas-loiras-puxaram-ao-pai-que-e-careca\/","title":{"rendered":"Filhas loiras puxaram ao pai (que \u00e9 careca&#8230;)"},"content":{"rendered":"<p>A banc\u00e1ria Juliana, cabelos pretos e encaracolados, adorava os s\u00e1bados. Al\u00e9m de ser o primeiro dia de folga ap\u00f3s uma semana estafante, tamb\u00e9m era dia de feira. N\u00e3o uma feira qualquer, mas a dos produtores rurais da regi\u00e3o, que vendiam artigos fresquinhos e sem agrot\u00f3xicos. Tudo com gostinho de ro\u00e7a.<\/p>\n<p>A mulher, ali\u00e1s, fazia quest\u00e3o de levar as filhas, Paula e Carla, ambas loiras dos cabelos lisos. E n\u00e3o pense voc\u00ea que as meninas achavam isso ruim. N\u00e3o mesmo! As duas sabiam que a mam\u00e3e sempre passava na banca da Adriana, que vendia o mais afamado p\u00e3o de queijo da regi\u00e3o.<\/p>\n<p>Mal chegaram, as tr\u00eas notaram que o local estava apinhado, e havia fila para degustar os quitutes da Adriana, que, na verdade, iam bem al\u00e9m do p\u00e3o de queijo. O bolo de cenoura, por exemplo, era compra certa da Juliana. No entanto, n\u00e3o apenas por causa dela, mas principalmente do marido, que era uma formiguinha desde menino.<\/p>\n<p>A mulher e as garotas, com as compras quase completas, entraram na fila para comprar p\u00e3o de queijo e bolo de cenoura. Enquanto esperavam, dona Gertrudes, que era nova por ali, puxou conversa com a Juliana.<\/p>\n<p>\u2014 Que meninas lindas!<\/p>\n<p>\u2014 Obrigada.<\/p>\n<p>\u2014 S\u00e3o suas filhas?<\/p>\n<p>\u2014 Sim. Esta \u00e9 a Carla, e esta \u00e9 a Paula.<\/p>\n<p>\u2014 Hum&#8230; Interessante.<\/p>\n<p>Juliana ficou sem entender, at\u00e9 que dona Gertrudes prosseguiu.<\/p>\n<p>\u2014 Elas s\u00e3o t\u00e3o loirinhas. E esses cabelos t\u00e3o lisinhos.<\/p>\n<p>\u2014 Ah, \u00e9 que as meninas puxaram ao pai.<\/p>\n<p>Paula e Carla, que estavam atentas \u00e0 conversa, quase gritaram ao mesmo tempo.<\/p>\n<p>\u2014 Mam\u00e3e, o papai \u00e9 careca!<\/p>\n<p>&#8230;&#8230;&#8230;&#8230;&#8230;&#8230;<\/p>\n<p><strong>*Eduardo Mart\u00ednez \u00e9 autor do livro \u201c57 Contos e Cr\u00f4nicas por um Autor muito Velho\u201d.<\/strong><\/p>\n<p>Compre aqui\u00a0<span class=\"x19la9d6 x1fc57z9 x6ikm8r x10wlt62 x19co3pv x1g5zs5t xfibh0p xiy17q3 x1xsqp64 x1lkfr7t xexx8yu x4uap5 x18d9i69 xkhd6sd\"><span class=\"xrtxmta x1bhl96m\"><img decoding=\"async\" class=\"emoji\" role=\"img\" draggable=\"false\" src=\"https:\/\/s.w.org\/images\/core\/emoji\/14.0.0\/svg\/1f447-1f3ff.svg\" alt=\"&#x1f447;&#x1f3ff;\" \/><\/span><\/span><span class=\"x19la9d6 x1fc57z9 x6ikm8r x10wlt62 x19co3pv x1g5zs5t xfibh0p xiy17q3 x1xsqp64 x1lkfr7t xexx8yu x4uap5 x18d9i69 xkhd6sd\"><span class=\"xrtxmta x1bhl96m\"><img decoding=\"async\" class=\"emoji\" role=\"img\" draggable=\"false\" src=\"https:\/\/s.w.org\/images\/core\/emoji\/14.0.0\/svg\/1f447-1f3ff.svg\" alt=\"&#x1f447;&#x1f3ff;\" \/><\/span><\/span><span class=\"x19la9d6 x1fc57z9 x6ikm8r x10wlt62 x19co3pv x1g5zs5t xfibh0p xiy17q3 x1xsqp64 x1lkfr7t xexx8yu x4uap5 x18d9i69 xkhd6sd\"><span class=\"xrtxmta x1bhl96m\"><img decoding=\"async\" class=\"emoji\" role=\"img\" draggable=\"false\" src=\"https:\/\/s.w.org\/images\/core\/emoji\/14.0.0\/svg\/1f447-1f3ff.svg\" alt=\"&#x1f447;&#x1f3ff;\" \/><\/span><\/span><\/p>\n<p><a href=\"http:\/\/www.joanineditora.com.br\/57-contos-e-cronicas-por-um-autor-muito-velho\">http:\/\/www.joanineditora.com.br\/57-contos-e-cronicas-por-um-autor-muito-velho<\/a><\/p>\n","protected":false},"excerpt":{"rendered":"<p>A banc\u00e1ria Juliana, cabelos pretos e encaracolados, adorava os s\u00e1bados. Al\u00e9m de ser o primeiro dia de folga ap\u00f3s uma semana estafante, tamb\u00e9m era dia de feira. N\u00e3o uma feira qualquer, mas a dos produtores rurais da regi\u00e3o, que vendiam artigos fresquinhos e sem agrot\u00f3xicos. Tudo com gostinho de ro\u00e7a. A mulher, ali\u00e1s, fazia quest\u00e3o [&hellip;]<\/p>\n","protected":false},"author":2,"featured_media":340602,"comment_status":"closed","ping_status":"closed","sticky":false,"template":"","format":"standard","meta":{"_acf_changed":false,"footnotes":""},"categories":[161],"tags":[],"class_list":["post-340601","post","type-post","status-publish","format-standard","has-post-thumbnail","hentry","category-quadradinho-em-foco"],"acf":[],"_links":{"self":[{"href":"https:\/\/www.notibras.com\/site\/wp-json\/wp\/v2\/posts\/340601","targetHints":{"allow":["GET"]}}],"collection":[{"href":"https:\/\/www.notibras.com\/site\/wp-json\/wp\/v2\/posts"}],"about":[{"href":"https:\/\/www.notibras.com\/site\/wp-json\/wp\/v2\/types\/post"}],"author":[{"embeddable":true,"href":"https:\/\/www.notibras.com\/site\/wp-json\/wp\/v2\/users\/2"}],"replies":[{"embeddable":true,"href":"https:\/\/www.notibras.com\/site\/wp-json\/wp\/v2\/comments?post=340601"}],"version-history":[{"count":3,"href":"https:\/\/www.notibras.com\/site\/wp-json\/wp\/v2\/posts\/340601\/revisions"}],"predecessor-version":[{"id":340605,"href":"https:\/\/www.notibras.com\/site\/wp-json\/wp\/v2\/posts\/340601\/revisions\/340605"}],"wp:featuredmedia":[{"embeddable":true,"href":"https:\/\/www.notibras.com\/site\/wp-json\/wp\/v2\/media\/340602"}],"wp:attachment":[{"href":"https:\/\/www.notibras.com\/site\/wp-json\/wp\/v2\/media?parent=340601"}],"wp:term":[{"taxonomy":"category","embeddable":true,"href":"https:\/\/www.notibras.com\/site\/wp-json\/wp\/v2\/categories?post=340601"},{"taxonomy":"post_tag","embeddable":true,"href":"https:\/\/www.notibras.com\/site\/wp-json\/wp\/v2\/tags?post=340601"}],"curies":[{"name":"wp","href":"https:\/\/api.w.org\/{rel}","templated":true}]}}