{"id":340627,"date":"2024-11-10T18:15:52","date_gmt":"2024-11-10T21:15:52","guid":{"rendered":"https:\/\/www.notibras.com\/site\/?p=340627"},"modified":"2024-11-10T21:23:16","modified_gmt":"2024-11-11T00:23:16","slug":"esfinges-da-moeda-da-oab-sao-a-paixao-e-o-poder","status":"publish","type":"post","link":"https:\/\/www.notibras.com\/site\/esfinges-da-moeda-da-oab-sao-a-paixao-e-o-poder\/","title":{"rendered":"Esfinges da moeda da OAB s\u00e3o a paix\u00e3o e o poder"},"content":{"rendered":"<p>Nas elei\u00e7\u00f5es para o Conselho Federal da OAB, Bras\u00edlia \u00e9 o epicentro onde poder e emo\u00e7\u00e3o se entrela\u00e7am. D\u00e9lio Lins e Silva Jr., presidente da Seccional DF, e Cristiane Damasceno, conselheira federal pelo mesmo estado, hoje se encontram em lados opostos na disputa local. No entanto, ambos mant\u00eam um ponto em comum: o apoio \u00e0 reelei\u00e7\u00e3o indireta de Beto Simonetti, atual presidente da OAB Nacional.<\/p>\n<p>D\u00e9lio, pragm\u00e1tico e articulador, mira alto. Caso consiga se eleger conselheiro federal, j\u00e1 trabalha nos bastidores para ocupar a estrat\u00e9gica posi\u00e7\u00e3o de secret\u00e1rio-geral da Ordem. Seu foco \u00e9 claro: fortalecer sua presen\u00e7a no n\u00facleo de poder da OAB Nacional, consolidando uma base que perpetue sua influ\u00eancia.<\/p>\n<p>Cristiane, por sua vez, rompeu com D\u00e9lio no Distrito Federal, mas n\u00e3o com Simonetti. Seu apoio ao presidente da OAB Nacional, no entanto, transcende o jogo pol\u00edtico. Enquanto D\u00e9lio se move com calculada precis\u00e3o, Cristiane aposta em uma conex\u00e3o mais profunda.<\/p>\n<p><img loading=\"lazy\" decoding=\"async\" class=\"wp-image-340628 aligncenter\" src=\"https:\/\/www.notibras.com\/site\/wp-content\/uploads\/2024\/11\/53169630269_d27c39bed6_c-300x200.jpg\" alt=\"\" width=\"467\" height=\"311\" srcset=\"https:\/\/www.notibras.com\/site\/wp-content\/uploads\/2024\/11\/53169630269_d27c39bed6_c-300x200.jpg 300w, https:\/\/www.notibras.com\/site\/wp-content\/uploads\/2024\/11\/53169630269_d27c39bed6_c-768x512.jpg 768w, https:\/\/www.notibras.com\/site\/wp-content\/uploads\/2024\/11\/53169630269_d27c39bed6_c.jpg 799w\" sizes=\"auto, (max-width: 467px) 100vw, 467px\" \/><\/p>\n<p>Para ela, a pol\u00edtica \u00e9 um detalhe; o que realmente importa s\u00e3o os la\u00e7os pessoais, as converg\u00eancias de alma que a mant\u00eam pr\u00f3xima de Simonetti, independentemente das disputas em curso.<\/p>\n<p>Nesse cen\u00e1rio, a OAB Nacional reflete o contraste entre interesses estrat\u00e9gicos e afinidades pessoais. Poder e paix\u00e3o caminham juntos, mostrando que, mesmo em campos opostos, as rela\u00e7\u00f5es humanas continuam sendo o fio condutor que conecta os bastidores da Ordem.<\/p>\n","protected":false},"excerpt":{"rendered":"<p>Nas elei\u00e7\u00f5es para o Conselho Federal da OAB, Bras\u00edlia \u00e9 o epicentro onde poder e emo\u00e7\u00e3o se entrela\u00e7am. D\u00e9lio Lins e Silva Jr., presidente da Seccional DF, e Cristiane Damasceno, conselheira federal pelo mesmo estado, hoje se encontram em lados opostos na disputa local. No entanto, ambos mant\u00eam um ponto em comum: o apoio \u00e0 [&hellip;]<\/p>\n","protected":false},"author":2,"featured_media":274878,"comment_status":"closed","ping_status":"closed","sticky":false,"template":"","format":"standard","meta":{"_acf_changed":false,"footnotes":""},"categories":[161],"tags":[],"class_list":["post-340627","post","type-post","status-publish","format-standard","has-post-thumbnail","hentry","category-quadradinho-em-foco"],"acf":[],"_links":{"self":[{"href":"https:\/\/www.notibras.com\/site\/wp-json\/wp\/v2\/posts\/340627","targetHints":{"allow":["GET"]}}],"collection":[{"href":"https:\/\/www.notibras.com\/site\/wp-json\/wp\/v2\/posts"}],"about":[{"href":"https:\/\/www.notibras.com\/site\/wp-json\/wp\/v2\/types\/post"}],"author":[{"embeddable":true,"href":"https:\/\/www.notibras.com\/site\/wp-json\/wp\/v2\/users\/2"}],"replies":[{"embeddable":true,"href":"https:\/\/www.notibras.com\/site\/wp-json\/wp\/v2\/comments?post=340627"}],"version-history":[{"count":3,"href":"https:\/\/www.notibras.com\/site\/wp-json\/wp\/v2\/posts\/340627\/revisions"}],"predecessor-version":[{"id":340631,"href":"https:\/\/www.notibras.com\/site\/wp-json\/wp\/v2\/posts\/340627\/revisions\/340631"}],"wp:featuredmedia":[{"embeddable":true,"href":"https:\/\/www.notibras.com\/site\/wp-json\/wp\/v2\/media\/274878"}],"wp:attachment":[{"href":"https:\/\/www.notibras.com\/site\/wp-json\/wp\/v2\/media?parent=340627"}],"wp:term":[{"taxonomy":"category","embeddable":true,"href":"https:\/\/www.notibras.com\/site\/wp-json\/wp\/v2\/categories?post=340627"},{"taxonomy":"post_tag","embeddable":true,"href":"https:\/\/www.notibras.com\/site\/wp-json\/wp\/v2\/tags?post=340627"}],"curies":[{"name":"wp","href":"https:\/\/api.w.org\/{rel}","templated":true}]}}