{"id":340632,"date":"2024-11-11T00:12:55","date_gmt":"2024-11-11T03:12:55","guid":{"rendered":"https:\/\/www.notibras.com\/site\/?p=340632"},"modified":"2024-11-11T00:16:02","modified_gmt":"2024-11-11T03:16:02","slug":"lula-apela-a-evangelicos-para-ampliar-base-e-oferece-ate-ministerio","status":"publish","type":"post","link":"https:\/\/www.notibras.com\/site\/lula-apela-a-evangelicos-para-ampliar-base-e-oferece-ate-ministerio\/","title":{"rendered":"Lula apela a evang\u00e9licos para ampliar base e oferece at\u00e9 minist\u00e9rio"},"content":{"rendered":"<p>Lula est\u00e1 apostando em uma nova estrat\u00e9gia pol\u00edtica. Vem a ser a aproxima\u00e7\u00e3o com os evang\u00e9licos, revelando uma jogada ousada e pragm\u00e1tica. Em um cen\u00e1rio onde o Congresso Nacional se mostra cada vez mais fragmentado, o presidente busca fortalecer sua base aliando-se a um dos grupos mais organizados e influentes do Parlamento.<\/p>\n<p>Este movimento, no entanto, n\u00e3o \u00e9 s\u00f3 uma quest\u00e3o de garantir votos, mas tamb\u00e9m de construir pontes com um eleitorado numeroso e estrat\u00e9gico, que se sentiu afastado nas \u00faltimas elei\u00e7\u00f5es.<\/p>\n<p>Para consolidar essa aproxima\u00e7\u00e3o, Lula acena com a possibilidade de ceder um minist\u00e9rio na Esplanada dos Minist\u00e9rios \u00e0 chamada \u201cbancada da B\u00edblia\u201d. Um gesto forte que pode abrir portas para o di\u00e1logo, mas tamb\u00e9m gera controv\u00e9rsias e desafios. A senadora Eliziane Gama (PSD) \u00e9 vista como o principal nome para chegar ao primeiro escal\u00e3o do governo.<\/p>\n<p>Por um lado, o movimento de Lula \u00e9 tido como uma maneira de incluir esse grupo na governabilidade, refor\u00e7ando uma ideia de pluralidade. Por outro, preocupa setores progressistas e movimentos sociais que temem um retrocesso nas pautas de direitos e liberdade, caso os evang\u00e9licos ganhem espa\u00e7o no governo.<\/p>\n<p>Essa aproxima\u00e7\u00e3o de Lula com os evang\u00e9licos pode representar uma mudan\u00e7a nas rela\u00e7\u00f5es entre governo e religi\u00e3o, com uma implica\u00e7\u00e3o pol\u00edtica que vai al\u00e9m do Congresso e reverbera diretamente na sociedade. Resta observar como essa alian\u00e7a ser\u00e1 gerida para evitar que, em vez de fortalecer a base, essa aproxima\u00e7\u00e3o acabe dividindo-a.<\/p>\n<p>A senadora Eliziane Gama (PSD), maranhense ligada a Fl\u00e1vio Dino, \u00e9 o nome mais forte para ocupar a pasta a ser oferecida \u00e0 Bancada da B\u00edblia. Jornalista, 47 anos, foi deputada estadual por dois mandatos, outro de deputada federal at\u00e9 chegar ao Senado pelo PPS, em 2022. No ano passado, migrou para o PSD de Gilberto Kassab.<\/p>\n","protected":false},"excerpt":{"rendered":"<p>Lula est\u00e1 apostando em uma nova estrat\u00e9gia pol\u00edtica. Vem a ser a aproxima\u00e7\u00e3o com os evang\u00e9licos, revelando uma jogada ousada e pragm\u00e1tica. Em um cen\u00e1rio onde o Congresso Nacional se mostra cada vez mais fragmentado, o presidente busca fortalecer sua base aliando-se a um dos grupos mais organizados e influentes do Parlamento. Este movimento, no [&hellip;]<\/p>\n","protected":false},"author":2,"featured_media":340633,"comment_status":"closed","ping_status":"closed","sticky":false,"template":"","format":"standard","meta":{"_acf_changed":false,"footnotes":""},"categories":[165],"tags":[95],"class_list":["post-340632","post","type-post","status-publish","format-standard","has-post-thumbnail","hentry","category-nordeste","tag-capa"],"acf":[],"_links":{"self":[{"href":"https:\/\/www.notibras.com\/site\/wp-json\/wp\/v2\/posts\/340632","targetHints":{"allow":["GET"]}}],"collection":[{"href":"https:\/\/www.notibras.com\/site\/wp-json\/wp\/v2\/posts"}],"about":[{"href":"https:\/\/www.notibras.com\/site\/wp-json\/wp\/v2\/types\/post"}],"author":[{"embeddable":true,"href":"https:\/\/www.notibras.com\/site\/wp-json\/wp\/v2\/users\/2"}],"replies":[{"embeddable":true,"href":"https:\/\/www.notibras.com\/site\/wp-json\/wp\/v2\/comments?post=340632"}],"version-history":[{"count":2,"href":"https:\/\/www.notibras.com\/site\/wp-json\/wp\/v2\/posts\/340632\/revisions"}],"predecessor-version":[{"id":340635,"href":"https:\/\/www.notibras.com\/site\/wp-json\/wp\/v2\/posts\/340632\/revisions\/340635"}],"wp:featuredmedia":[{"embeddable":true,"href":"https:\/\/www.notibras.com\/site\/wp-json\/wp\/v2\/media\/340633"}],"wp:attachment":[{"href":"https:\/\/www.notibras.com\/site\/wp-json\/wp\/v2\/media?parent=340632"}],"wp:term":[{"taxonomy":"category","embeddable":true,"href":"https:\/\/www.notibras.com\/site\/wp-json\/wp\/v2\/categories?post=340632"},{"taxonomy":"post_tag","embeddable":true,"href":"https:\/\/www.notibras.com\/site\/wp-json\/wp\/v2\/tags?post=340632"}],"curies":[{"name":"wp","href":"https:\/\/api.w.org\/{rel}","templated":true}]}}