{"id":340644,"date":"2024-11-11T00:17:32","date_gmt":"2024-11-11T03:17:32","guid":{"rendered":"https:\/\/www.notibras.com\/site\/?p=340644"},"modified":"2024-11-11T00:15:17","modified_gmt":"2024-11-11T03:15:17","slug":"boulos-detona-joao-e-diz-que-prefeito-do-recife-e-lulista-oportunista","status":"publish","type":"post","link":"https:\/\/www.notibras.com\/site\/boulos-detona-joao-e-diz-que-prefeito-do-recife-e-lulista-oportunista\/","title":{"rendered":"Boulos detona Jo\u00e3o e diz que prefeito do Recife \u00e9 lulista oportunista"},"content":{"rendered":"<p>O deputado federal Guilherme Boulos (PSOL-SP) decidiu responder aos coment\u00e1rios que o prefeito reeleito do Recife, Jo\u00e3o Campos (PSB), fez sobre sua derrotada candidatura \u00e0 Prefeitura de S\u00e3o Paulo, quando perdeu o segundo turno para o atual prefeito Ricardo Nunes.<\/p>\n<p>Em entrevista ao programa Roda Viva, enquanto defendeu a sua namorada, a deputada federal Tabata Amaral (PSB), que tamb\u00e9m disputou a prefeitura mas que prou no primeiro turno, Campos disse que a derrota de Boulos deveu-se a uma &#8220;mudan\u00e7a de roupagem&#8221; do candidato do PSOL com objetivo eleitoral.<\/p>\n<p>&#8220;A pr\u00e1tica precisa caber naquilo que voc\u00ea fala, e o que voc\u00ea fala tem que caber na sua pr\u00e1tica&#8221;, disparou Campos. &#8220;Tem 19 anos que ele [Boulos] se posiciona de um jeito em tudo. A\u00ed, em um ano come\u00e7a a revisitar todos os posicionamentos. Voc\u00ea acha que o povo n\u00e3o pensa. Mas o povo pensa&#8221;, completou o prefeito.<\/p>\n<p>&#8220;Constru\u00ed minha trajet\u00f3ria no movimento social. N\u00e3o foi por sobrenome, n\u00e3o foi por heran\u00e7a familiar. O m\u00ednimo que se precisa ter na pol\u00edtica, independentemente das diferen\u00e7as, \u00e9 respeito&#8221;, respondeu Boulos em entrevista a M\u00f4nica B\u00e9rgamo, da Folha de S. Paulo, referindo-se ao fato de Campos ser herdeiro pol\u00edtico do pai, o ex-governador Eduardo Campos, e bisneto do tamb\u00e9m ex-governador Miguel Arraes, uma das maiores lideran\u00e7as da esquerda brasileira.<\/p>\n<p>&#8220;Em 2020, quando se elegeu prefeito pela primeira vez, o mote dele era PT nunca mais, dizendo que os governos de Lula e do PT eram os mais corruptos da hist\u00f3ria. Na \u00e9poca Lula estava ineleg\u00edvel e tinha acabado de sair da pris\u00e3o. Hoje Lula \u00e9 presidente, e ele [Jo\u00e3o Campos] virou o maior lulista do pa\u00eds. Ent\u00e3o, vamos parar de querer dar li\u00e7\u00e3o de moral alheia&#8221;, disparou Boulos.<\/p>\n<p>&#8220;Eu tenho lado. Tenho posi\u00e7\u00f5es firmes, e isso tem um pre\u00e7o. Eu n\u00e3o vou conforme o vento&#8221;, diz o psolista, afirmando que n\u00e3o recuou de posicionamento algum na disputa pela prefeitura da capital paulista.<\/p>\n<p>Na entrevista, Boulos ponderou que &#8220;o Jo\u00e3o Campos conseguiu uma reelei\u00e7\u00e3o fenomenal [como prefeito do Recife], tem os seus m\u00e9ritos, sem sombra de d\u00favida. Mas n\u00e3o creio que ele est\u00e1 autorizado a me dar aulas de coer\u00eancia&#8221;.<\/p>\n","protected":false},"excerpt":{"rendered":"<p>O deputado federal Guilherme Boulos (PSOL-SP) decidiu responder aos coment\u00e1rios que o prefeito reeleito do Recife, Jo\u00e3o Campos (PSB), fez sobre sua derrotada candidatura \u00e0 Prefeitura de S\u00e3o Paulo, quando perdeu o segundo turno para o atual prefeito Ricardo Nunes. Em entrevista ao programa Roda Viva, enquanto defendeu a sua namorada, a deputada federal Tabata [&hellip;]<\/p>\n","protected":false},"author":2,"featured_media":157007,"comment_status":"closed","ping_status":"closed","sticky":false,"template":"","format":"standard","meta":{"_acf_changed":false,"footnotes":""},"categories":[165],"tags":[],"class_list":["post-340644","post","type-post","status-publish","format-standard","has-post-thumbnail","hentry","category-nordeste"],"acf":[],"_links":{"self":[{"href":"https:\/\/www.notibras.com\/site\/wp-json\/wp\/v2\/posts\/340644","targetHints":{"allow":["GET"]}}],"collection":[{"href":"https:\/\/www.notibras.com\/site\/wp-json\/wp\/v2\/posts"}],"about":[{"href":"https:\/\/www.notibras.com\/site\/wp-json\/wp\/v2\/types\/post"}],"author":[{"embeddable":true,"href":"https:\/\/www.notibras.com\/site\/wp-json\/wp\/v2\/users\/2"}],"replies":[{"embeddable":true,"href":"https:\/\/www.notibras.com\/site\/wp-json\/wp\/v2\/comments?post=340644"}],"version-history":[{"count":1,"href":"https:\/\/www.notibras.com\/site\/wp-json\/wp\/v2\/posts\/340644\/revisions"}],"predecessor-version":[{"id":340646,"href":"https:\/\/www.notibras.com\/site\/wp-json\/wp\/v2\/posts\/340644\/revisions\/340646"}],"wp:featuredmedia":[{"embeddable":true,"href":"https:\/\/www.notibras.com\/site\/wp-json\/wp\/v2\/media\/157007"}],"wp:attachment":[{"href":"https:\/\/www.notibras.com\/site\/wp-json\/wp\/v2\/media?parent=340644"}],"wp:term":[{"taxonomy":"category","embeddable":true,"href":"https:\/\/www.notibras.com\/site\/wp-json\/wp\/v2\/categories?post=340644"},{"taxonomy":"post_tag","embeddable":true,"href":"https:\/\/www.notibras.com\/site\/wp-json\/wp\/v2\/tags?post=340644"}],"curies":[{"name":"wp","href":"https:\/\/api.w.org\/{rel}","templated":true}]}}