{"id":340647,"date":"2024-11-11T00:14:03","date_gmt":"2024-11-11T03:14:03","guid":{"rendered":"https:\/\/www.notibras.com\/site\/?p=340647"},"modified":"2024-11-11T00:14:03","modified_gmt":"2024-11-11T03:14:03","slug":"buraco-no-pe-de-meia-pode-deixar-estudantes-do-nordeste-na-mao","status":"publish","type":"post","link":"https:\/\/www.notibras.com\/site\/buraco-no-pe-de-meia-pode-deixar-estudantes-do-nordeste-na-mao\/","title":{"rendered":"&#8216;Buraco&#8217; no P\u00e9 de Meia pode deixar estudantes do Nordeste na m\u00e3o"},"content":{"rendered":"<p>O Tribunal de Contas da Uni\u00e3o (TCU) abriu uma investiga\u00e7\u00e3o que coloca em risco o futuro do &#8220;P\u00e9 de Meia&#8221;, um programa de aux\u00edlio financeiro que se tornou essencial para estudantes de baixa renda, principalmente do Nordeste. Com o objetivo de oferecer suporte cont\u00ednuo e condi\u00e7\u00f5es b\u00e1sicas de estudo, o P\u00e9 de Meia possibilita que milhares de estudantes permane\u00e7am na escola e at\u00e9 sonhem com uma vida melhor, rompendo o ciclo de pobreza que muitas fam\u00edlias enfrentam.<\/p>\n<p>O problema come\u00e7ou quando o TCU identificou poss\u00edveis irregularidades no gerenciamento dos fundos destinados ao programa. Segundo o tribunal, h\u00e1 ind\u00edcios de desvio de recursos, e o uso do or\u00e7amento n\u00e3o estaria sendo feito de maneira transparente. Essas suspeitas abriram caminho para a investiga\u00e7\u00e3o, que, caso encontre irregularidades graves, pode resultar no congelamento ou at\u00e9 no fim do programa.<\/p>\n<p>Para os estudantes e suas fam\u00edlias, o impacto de uma poss\u00edvel suspens\u00e3o do P\u00e9 de Meia vai muito al\u00e9m das quest\u00f5es financeiras. Este programa n\u00e3o \u00e9 apenas uma fonte de renda, mas uma base para a educa\u00e7\u00e3o e esperan\u00e7a de jovens que, sem ele, podem ver seus sonhos de um futuro melhor desaparecerem. No Nordeste, onde as oportunidades econ\u00f4micas j\u00e1 s\u00e3o mais escassas, o P\u00e9 de Meia oferece a chance de acessar recursos que estudantes em outras regi\u00f5es muitas vezes t\u00eam com mais facilidade.<\/p>\n<p>Por enquanto, o que os estudantes t\u00eam \u00e9 um misto de incerteza e apreens\u00e3o. N\u00e3o h\u00e1 certeza sobre o desfecho, mas h\u00e1 o temor de que o futuro do programa seja comprometido. Essa investiga\u00e7\u00e3o, essencial para garantir a lisura e a transpar\u00eancia no uso dos recursos p\u00fablicos, precisa encontrar um meio-termo que proteja os recursos sem prejudicar os jovens que tanto dependem deles.<\/p>\n","protected":false},"excerpt":{"rendered":"<p>O Tribunal de Contas da Uni\u00e3o (TCU) abriu uma investiga\u00e7\u00e3o que coloca em risco o futuro do &#8220;P\u00e9 de Meia&#8221;, um programa de aux\u00edlio financeiro que se tornou essencial para estudantes de baixa renda, principalmente do Nordeste. Com o objetivo de oferecer suporte cont\u00ednuo e condi\u00e7\u00f5es b\u00e1sicas de estudo, o P\u00e9 de Meia possibilita que [&hellip;]<\/p>\n","protected":false},"author":2,"featured_media":320778,"comment_status":"closed","ping_status":"closed","sticky":false,"template":"","format":"standard","meta":{"_acf_changed":false,"footnotes":""},"categories":[165],"tags":[],"class_list":["post-340647","post","type-post","status-publish","format-standard","has-post-thumbnail","hentry","category-nordeste"],"acf":[],"_links":{"self":[{"href":"https:\/\/www.notibras.com\/site\/wp-json\/wp\/v2\/posts\/340647","targetHints":{"allow":["GET"]}}],"collection":[{"href":"https:\/\/www.notibras.com\/site\/wp-json\/wp\/v2\/posts"}],"about":[{"href":"https:\/\/www.notibras.com\/site\/wp-json\/wp\/v2\/types\/post"}],"author":[{"embeddable":true,"href":"https:\/\/www.notibras.com\/site\/wp-json\/wp\/v2\/users\/2"}],"replies":[{"embeddable":true,"href":"https:\/\/www.notibras.com\/site\/wp-json\/wp\/v2\/comments?post=340647"}],"version-history":[{"count":1,"href":"https:\/\/www.notibras.com\/site\/wp-json\/wp\/v2\/posts\/340647\/revisions"}],"predecessor-version":[{"id":340648,"href":"https:\/\/www.notibras.com\/site\/wp-json\/wp\/v2\/posts\/340647\/revisions\/340648"}],"wp:featuredmedia":[{"embeddable":true,"href":"https:\/\/www.notibras.com\/site\/wp-json\/wp\/v2\/media\/320778"}],"wp:attachment":[{"href":"https:\/\/www.notibras.com\/site\/wp-json\/wp\/v2\/media?parent=340647"}],"wp:term":[{"taxonomy":"category","embeddable":true,"href":"https:\/\/www.notibras.com\/site\/wp-json\/wp\/v2\/categories?post=340647"},{"taxonomy":"post_tag","embeddable":true,"href":"https:\/\/www.notibras.com\/site\/wp-json\/wp\/v2\/tags?post=340647"}],"curies":[{"name":"wp","href":"https:\/\/api.w.org\/{rel}","templated":true}]}}