{"id":340649,"date":"2024-11-11T00:34:59","date_gmt":"2024-11-11T03:34:59","guid":{"rendered":"https:\/\/www.notibras.com\/site\/?p=340649"},"modified":"2024-11-11T00:37:22","modified_gmt":"2024-11-11T03:37:22","slug":"altemar-enfim-curte-vida-que-sonhou-em-cabare","status":"publish","type":"post","link":"https:\/\/www.notibras.com\/site\/altemar-enfim-curte-vida-que-sonhou-em-cabare\/","title":{"rendered":"Altemar enfim curte vida que sonhou em cabar\u00e9"},"content":{"rendered":"<p>O homem carregava na certid\u00e3o de nascimento um nome recheado de musicalidade. E, apesar de dar o maior valor na escolha da m\u00e3e, era mesmo f\u00e3 de outro cantor, certamente o \u00fanico que poderia escolher onde se sentar na primeira prateleira. Ali\u00e1s, se quisesse se deitar e at\u00e9 se esparramar, haveria espa\u00e7o de sobra, pois tudo ali lhe pertencia, como not\u00f3rio e not\u00e1vel Senhor da Voz.<\/p>\n<p>Altemar, que n\u00e3o era Dutra, mas Silva, agora aos 65 anos, finalmente conseguiu algo que buscou durante toda a longa jornada de trabalhador: a aposentadoria. Pensou at\u00e9 em fazer aquela festan\u00e7a e chamar os companheiros, mas logo desistiu. N\u00e3o iria gastar um tost\u00e3o com miudezas, ainda mais porque o dinheiro sempre lhe foi curto.<\/p>\n<p>Sem filhos, Altemar h\u00e1 tempos tamb\u00e9m fora abandonado pela mulher. Melhor para ela, que juntou os panos com um bem-sucedido empres\u00e1rio do ramo de importa\u00e7\u00e3o. N\u00e3o tardou, teve dois filhos, que puderam estudar nas melhores escolas da cidade.<\/p>\n<p>Quanto ao Altemar, nem teve tempo de sentir dor de cotovelo, pois os boletos n\u00e3o pararam de ser depositados debaixo da sua porta. Isso, ali\u00e1s, n\u00e3o o impedia de, vez ou outra, buscar um cobertor de orelha na esquina. O problema \u00e9 que, com o passar dos anos, aquilo virou um h\u00e1bito.<\/p>\n<p>Os amigos, preocupados com os longos sumi\u00e7os do Altemar, certa feita, juntaram-se em cinco ou seis e l\u00e1 foram para o apartamento do gajo. Encontraram-no esparramado no sof\u00e1. Cara amarrotada, o aposentado abriu a porta com aquele sorriso.<\/p>\n<p>\u2014 Altemar, que tal pegarmos um clube amanh\u00e3?<\/p>\n<p>\u2014 N\u00e3o posso, Marcos.<\/p>\n<p>\u2014 Como n\u00e3o?<\/p>\n<p>\u2014 \u00c9 que hoje tenho compromisso com a Marcinha.<\/p>\n<p>\u2014 Que Marcinha?<\/p>\n<p>\u2014 \u00c9 uma senhorita que conheci na boate.<\/p>\n<p>\u2014 Boate? Que boate?<\/p>\n<p>\u2014 Da luz rubra, Roberto.<\/p>\n<p>\u2014 Altemar, que vida \u00e9 essa?<\/p>\n<p>\u2014 Juca, \u00e9 a vida que sempre sonhei pra mim: um cabar\u00e9 ao som do Cauby.<\/p>\n<p>&#8230;&#8230;&#8230;&#8230;&#8230;..<\/p>\n<p><strong>*Eduardo Mart\u00ednez \u00e9 autor do livro \u201c57 Contos e Cr\u00f4nicas por um Autor muito Velho\u201d.<\/strong><\/p>\n<p>Compre aqui\u00a0<span class=\"x19la9d6 x1fc57z9 x6ikm8r x10wlt62 x19co3pv x1g5zs5t xfibh0p xiy17q3 x1xsqp64 x1lkfr7t xexx8yu x4uap5 x18d9i69 xkhd6sd\"><span class=\"xrtxmta x1bhl96m\"><img decoding=\"async\" class=\"emoji\" role=\"img\" draggable=\"false\" src=\"https:\/\/s.w.org\/images\/core\/emoji\/14.0.0\/svg\/1f447-1f3ff.svg\" alt=\"&#x1f447;&#x1f3ff;\" \/><\/span><\/span><span class=\"x19la9d6 x1fc57z9 x6ikm8r x10wlt62 x19co3pv x1g5zs5t xfibh0p xiy17q3 x1xsqp64 x1lkfr7t xexx8yu x4uap5 x18d9i69 xkhd6sd\"><span class=\"xrtxmta x1bhl96m\"><img decoding=\"async\" class=\"emoji\" role=\"img\" draggable=\"false\" src=\"https:\/\/s.w.org\/images\/core\/emoji\/14.0.0\/svg\/1f447-1f3ff.svg\" alt=\"&#x1f447;&#x1f3ff;\" \/><\/span><\/span><span class=\"x19la9d6 x1fc57z9 x6ikm8r x10wlt62 x19co3pv x1g5zs5t xfibh0p xiy17q3 x1xsqp64 x1lkfr7t xexx8yu x4uap5 x18d9i69 xkhd6sd\"><span class=\"xrtxmta x1bhl96m\"><img decoding=\"async\" class=\"emoji\" role=\"img\" draggable=\"false\" src=\"https:\/\/s.w.org\/images\/core\/emoji\/14.0.0\/svg\/1f447-1f3ff.svg\" alt=\"&#x1f447;&#x1f3ff;\" \/><\/span><\/span><\/p>\n<p><a href=\"http:\/\/www.joanineditora.com.br\/57-contos-e-cronicas-por-um-autor-muito-velho\">http:\/\/www.joanineditora.com.br\/57-contos-e-cronicas-por-um-autor-muito-velho<\/a><\/p>\n","protected":false},"excerpt":{"rendered":"<p>O homem carregava na certid\u00e3o de nascimento um nome recheado de musicalidade. E, apesar de dar o maior valor na escolha da m\u00e3e, era mesmo f\u00e3 de outro cantor, certamente o \u00fanico que poderia escolher onde se sentar na primeira prateleira. Ali\u00e1s, se quisesse se deitar e at\u00e9 se esparramar, haveria espa\u00e7o de sobra, pois [&hellip;]<\/p>\n","protected":false},"author":2,"featured_media":340650,"comment_status":"closed","ping_status":"closed","sticky":false,"template":"","format":"standard","meta":{"_acf_changed":false,"footnotes":""},"categories":[1,161],"tags":[],"class_list":["post-340649","post","type-post","status-publish","format-standard","has-post-thumbnail","hentry","category-brasilia","category-quadradinho-em-foco"],"acf":[],"_links":{"self":[{"href":"https:\/\/www.notibras.com\/site\/wp-json\/wp\/v2\/posts\/340649","targetHints":{"allow":["GET"]}}],"collection":[{"href":"https:\/\/www.notibras.com\/site\/wp-json\/wp\/v2\/posts"}],"about":[{"href":"https:\/\/www.notibras.com\/site\/wp-json\/wp\/v2\/types\/post"}],"author":[{"embeddable":true,"href":"https:\/\/www.notibras.com\/site\/wp-json\/wp\/v2\/users\/2"}],"replies":[{"embeddable":true,"href":"https:\/\/www.notibras.com\/site\/wp-json\/wp\/v2\/comments?post=340649"}],"version-history":[{"count":3,"href":"https:\/\/www.notibras.com\/site\/wp-json\/wp\/v2\/posts\/340649\/revisions"}],"predecessor-version":[{"id":340653,"href":"https:\/\/www.notibras.com\/site\/wp-json\/wp\/v2\/posts\/340649\/revisions\/340653"}],"wp:featuredmedia":[{"embeddable":true,"href":"https:\/\/www.notibras.com\/site\/wp-json\/wp\/v2\/media\/340650"}],"wp:attachment":[{"href":"https:\/\/www.notibras.com\/site\/wp-json\/wp\/v2\/media?parent=340649"}],"wp:term":[{"taxonomy":"category","embeddable":true,"href":"https:\/\/www.notibras.com\/site\/wp-json\/wp\/v2\/categories?post=340649"},{"taxonomy":"post_tag","embeddable":true,"href":"https:\/\/www.notibras.com\/site\/wp-json\/wp\/v2\/tags?post=340649"}],"curies":[{"name":"wp","href":"https:\/\/api.w.org\/{rel}","templated":true}]}}