{"id":340697,"date":"2024-11-11T00:00:00","date_gmt":"2024-11-11T03:00:00","guid":{"rendered":"https:\/\/www.notibras.com\/site\/?p=340697"},"modified":"2024-11-11T03:07:59","modified_gmt":"2024-11-11T06:07:59","slug":"gabarito-oficial-sera-divulgado-ate-20-de-novembro","status":"publish","type":"post","link":"https:\/\/www.notibras.com\/site\/gabarito-oficial-sera-divulgado-ate-20-de-novembro\/","title":{"rendered":"Gabarito oficial ser\u00e1 divulgado at\u00e9 20 de novembro"},"content":{"rendered":"<p>O gabarito oficial do Exame Nacional do Ensino M\u00e9dio (Enem) ser\u00e1 divulgado at\u00e9 o dia 20 de novembro pelo Instituto Nacional de Estudos e Pesquisas Educacionais An\u00edsio Teixeira (Inep). J\u00e1 o resultado final ser\u00e1 conhecido em 13 de janeiro de 2025.<\/p>\n<p>Neste ano, mais de 4,3 milh\u00f5es de candidatos se inscreveram para o exame. As provas foram aplicadas em duas etapas: no domingo passado (3), foram as 90 quest\u00f5es de linguagens, hist\u00f3ria, geografia, sociologia e filosofia, al\u00e9m de uma reda\u00e7\u00e3o dissertativa; neste domingo (10), foi a vez das 90 quest\u00f5es de matem\u00e1tica, f\u00edsica, qu\u00edmica e biologia.<\/p>\n<p>O Enem avalia o desempenho escolar dos estudantes ao t\u00e9rmino da educa\u00e7\u00e3o b\u00e1sica. Ao longo de mais de duas d\u00e9cadas de exist\u00eancia, o Enem se tornou a principal porta de entrada para a educa\u00e7\u00e3o superior no Brasil, por meio do Sistema de Sele\u00e7\u00e3o Unificada (Sisu) e de iniciativas como o Programa Universidade para Todos (Prouni).<\/p>\n<p>Institui\u00e7\u00f5es de ensino p\u00fablicas e privadas utilizam o Enem para selecionar estudantes. Os resultados s\u00e3o usados como crit\u00e9rio \u00fanico ou complementar dos processos seletivos, al\u00e9m de servirem de par\u00e2metro para acesso a aux\u00edlios governamentais, como o proporcionado pelo Fundo de Financiamento Estudantil (Fies).<\/p>\n<p>Os resultados individuais do Enem tamb\u00e9m podem ser aproveitados nos processos seletivos de institui\u00e7\u00f5es portuguesas que possuem conv\u00eanio com o Inep para aceitar as notas do exame. Os acordos garantem acesso facilitado \u00e0s notas dos estudantes brasileiros interessados em cursar a educa\u00e7\u00e3o superior em Portugal.<\/p>\n","protected":false},"excerpt":{"rendered":"<p>O gabarito oficial do Exame Nacional do Ensino M\u00e9dio (Enem) ser\u00e1 divulgado at\u00e9 o dia 20 de novembro pelo Instituto Nacional de Estudos e Pesquisas Educacionais An\u00edsio Teixeira (Inep). J\u00e1 o resultado final ser\u00e1 conhecido em 13 de janeiro de 2025. Neste ano, mais de 4,3 milh\u00f5es de candidatos se inscreveram para o exame. As [&hellip;]<\/p>\n","protected":false},"author":2,"featured_media":340698,"comment_status":"closed","ping_status":"closed","sticky":false,"template":"","format":"standard","meta":{"_acf_changed":false,"footnotes":""},"categories":[161],"tags":[],"class_list":["post-340697","post","type-post","status-publish","format-standard","has-post-thumbnail","hentry","category-quadradinho-em-foco"],"acf":[],"_links":{"self":[{"href":"https:\/\/www.notibras.com\/site\/wp-json\/wp\/v2\/posts\/340697","targetHints":{"allow":["GET"]}}],"collection":[{"href":"https:\/\/www.notibras.com\/site\/wp-json\/wp\/v2\/posts"}],"about":[{"href":"https:\/\/www.notibras.com\/site\/wp-json\/wp\/v2\/types\/post"}],"author":[{"embeddable":true,"href":"https:\/\/www.notibras.com\/site\/wp-json\/wp\/v2\/users\/2"}],"replies":[{"embeddable":true,"href":"https:\/\/www.notibras.com\/site\/wp-json\/wp\/v2\/comments?post=340697"}],"version-history":[{"count":1,"href":"https:\/\/www.notibras.com\/site\/wp-json\/wp\/v2\/posts\/340697\/revisions"}],"predecessor-version":[{"id":340699,"href":"https:\/\/www.notibras.com\/site\/wp-json\/wp\/v2\/posts\/340697\/revisions\/340699"}],"wp:featuredmedia":[{"embeddable":true,"href":"https:\/\/www.notibras.com\/site\/wp-json\/wp\/v2\/media\/340698"}],"wp:attachment":[{"href":"https:\/\/www.notibras.com\/site\/wp-json\/wp\/v2\/media?parent=340697"}],"wp:term":[{"taxonomy":"category","embeddable":true,"href":"https:\/\/www.notibras.com\/site\/wp-json\/wp\/v2\/categories?post=340697"},{"taxonomy":"post_tag","embeddable":true,"href":"https:\/\/www.notibras.com\/site\/wp-json\/wp\/v2\/tags?post=340697"}],"curies":[{"name":"wp","href":"https:\/\/api.w.org\/{rel}","templated":true}]}}