{"id":340700,"date":"2024-11-11T00:00:51","date_gmt":"2024-11-11T03:00:51","guid":{"rendered":"https:\/\/www.notibras.com\/site\/?p=340700"},"modified":"2024-11-11T03:14:36","modified_gmt":"2024-11-11T06:14:36","slug":"investimentos-transformam-o-sol-nascente-em-uma-grande-cidade","status":"publish","type":"post","link":"https:\/\/www.notibras.com\/site\/investimentos-transformam-o-sol-nascente-em-uma-grande-cidade\/","title":{"rendered":"Investimentos transformam o Sol Nascente em uma grande cidade"},"content":{"rendered":"<p>Toda pessoa deve ter direito e acesso a moradia, \u00e1gua, luz, esgoto, lazer e equipamentos p\u00fablicos. Se durante muitos anos esses servi\u00e7os foram negligenciados \u00e0 popula\u00e7\u00e3o do Sol Nascente\/P\u00f4r do Sol, o cen\u00e1rio mudou e tem se transformado desde 2019, quando o local virou oficialmente uma regi\u00e3o administrativa. Os investimentos na cidade somam R$ 630 milh\u00f5es, que se transformam, pouco a pouco, em infraestrutura e dignidade para os mais de 95 mil moradores.<\/p>\n<p>O crescimento populacional deve ser levado em considera\u00e7\u00e3o para entender como o Sol Nascente virou o que \u00e9 atualmente e suas car\u00eancias, ao saltar de 7 mil habitantes no ano 2000 para quase 100 mil pessoas atualmente. Esse aumento vertiginoso demandou o acompanhamento com obras de infraestrutura, que ganharam ritmo acelerado nos \u00faltimos seis anos. Como resposta, este Governo do Distrito Federal (GDF) tem concentrado esfor\u00e7os nas obras de urbaniza\u00e7\u00e3o, com destaque para a pavimenta\u00e7\u00e3o, drenagem e sinaliza\u00e7\u00e3o de ruas e avenidas.<\/p>\n<p>\u201cN\u00f3s n\u00e3o consideramos de uma maneira pr\u00e1tica e real, o Sol Nascente como uma favela. No passado pode ter sido, mas desde que o governador Ibaneis Rocha assumiu o governo, criou a Administra\u00e7\u00e3o Regional, legitimou as pessoas ali dentro e trabalhou na regulariza\u00e7\u00e3o da \u00e1rea, tem implantando os equipamentos p\u00fablicos necess\u00e1rios, fazendo as obras de infraestrutura que a cidade precisa\u201d, afirma o secret\u00e1rio de Governo, Jos\u00e9 Humberto Pires de Ara\u00fajo, ao rebater pesquisa do Instituto Brasileiro de Geografia e Estat\u00edstica (IBGE) que classifica a cidade como a terceira maior favela do Brasil em extens\u00e3o territorial.<\/p>\n<p>Atualmente, 95% da popula\u00e7\u00e3o tem acesso a \u00e1gua pot\u00e1vel e esgoto sanit\u00e1rio. A regi\u00e3o conta com um Restaurante Comunit\u00e1rio com capacidade para servir 3,6 mil refei\u00e7\u00f5es di\u00e1rias a um pre\u00e7o acess\u00edvel \u2013 com apenas R$ 2 a popula\u00e7\u00e3o toma caf\u00e9 da manh\u00e3, almo\u00e7a e janta. A cidade tamb\u00e9m ganhou uma rodovi\u00e1ria para atender 20 mil pessoas.<\/p>\n<p>No momento, est\u00e3o em obras a constru\u00e7\u00e3o de um campo de grama sint\u00e9tica, um Centro de Ensino Fundamental e uma unidade da Casa da Mulher Brasileira. Al\u00e9m disso, est\u00e3o em fase de licita\u00e7\u00e3o e contrata\u00e7\u00e3o a Unidade de Pronto Atendimento (UPA), a sede da regi\u00e3o administrativa e o 42\u00ba Grupamento de Bombeiros Militar (GBM).<\/p>\n<p>\u201cTemos 70% de toda infraestrutura implantada na cidade, 95% de rede de \u00e1gua e esgoto instalada, 100% de energia el\u00e9trica para abastecimento das resid\u00eancias. N\u00f3s temos escolas, hospitais, posto de sa\u00fade, rodovi\u00e1ria, temos o Centro Ol\u00edmpico. N\u00e3o consideramos mais como favela porque o Estado est\u00e1 l\u00e1, entrou com a infraestrutura, sabemos que ainda faltam equipamentos p\u00fablicos, mas o GDF est\u00e1 empenhado em colocar isso \u00e0 disposi\u00e7\u00e3o da popula\u00e7\u00e3o\u201d, pontua o secret\u00e1rio de Obras e Infraestrutura, Valter Casimiro.<\/p>\n<p>Na \u00e1rea da educa\u00e7\u00e3o, primordial para qualquer na\u00e7\u00e3o se desenvolver, este GDF entregou a primeira creche no P\u00f4r do Sol (Cepi Jandaia), com capacidade para 188 crian\u00e7as, e a primeira creche no Sol Nascente (Cepi Sarah Kubitschek), tamb\u00e9m com capacidade para 188 alunos. Al\u00e9m disso, foi inaugurada a Escola Classe JK, que atende 900 estudantes. Por meio da Ag\u00eancia de Desenvolvimento (Terracap), o GDF disponibilizou um terreno para a constru\u00e7\u00e3o de uma unidade do Instituto Federal de Educa\u00e7\u00e3o na regi\u00e3o.<\/p>\n<p>A cidade tamb\u00e9m \u00e9 atendida na sa\u00fade com o Hospital Cidade do Sol e est\u00e1 em processo de constru\u00e7\u00e3o da maior UPA do Distrito Federal, que ir\u00e1 refor\u00e7ar a assist\u00eancia m\u00e9dica local. A infraestrutura b\u00e1sica, como coleta de lixo e varri\u00e7\u00e3o de ruas, tem sido regularmente mantida, garantindo uma melhoria significativa na qualidade de vida dos moradores.<\/p>\n<p>A cidade ainda \u00e9 olhada com carinho pelo governo em um dos pontos que foram mais esquecidos desde o surgimento da ocupa\u00e7\u00e3o irregular no local: a moradia. A Companhia de Desenvolvimento Habitacional (Codhab) j\u00e1 entregou mais de 800 moradias, o que representa um lar para mais de 3,2 mil pessoas. Os apartamentos se dividem entre os empreendimentos Parque do Sol e Residencial Horizonte. Em outra frente, o GDF atua em a\u00e7\u00f5es voltadas para fam\u00edlias de baixa renda em \u00e1reas de interesse social com a reforma de casas.<\/p>\n<p>Esse conjunto de iniciativas tem gerado um impacto positivo, com 86% dos residentes afirmando que n\u00e3o t\u00eam inten\u00e7\u00e3o de deixar a cidade, conforme pesquisa do Instituto de Pesquisa e Estat\u00edstica do DF (IPEDF).<\/p>\n","protected":false},"excerpt":{"rendered":"<p>Toda pessoa deve ter direito e acesso a moradia, \u00e1gua, luz, esgoto, lazer e equipamentos p\u00fablicos. Se durante muitos anos esses servi\u00e7os foram negligenciados \u00e0 popula\u00e7\u00e3o do Sol Nascente\/P\u00f4r do Sol, o cen\u00e1rio mudou e tem se transformado desde 2019, quando o local virou oficialmente uma regi\u00e3o administrativa. Os investimentos na cidade somam R$ 630 [&hellip;]<\/p>\n","protected":false},"author":2,"featured_media":340701,"comment_status":"closed","ping_status":"closed","sticky":false,"template":"","format":"standard","meta":{"_acf_changed":false,"footnotes":""},"categories":[161],"tags":[],"class_list":["post-340700","post","type-post","status-publish","format-standard","has-post-thumbnail","hentry","category-quadradinho-em-foco"],"acf":[],"_links":{"self":[{"href":"https:\/\/www.notibras.com\/site\/wp-json\/wp\/v2\/posts\/340700","targetHints":{"allow":["GET"]}}],"collection":[{"href":"https:\/\/www.notibras.com\/site\/wp-json\/wp\/v2\/posts"}],"about":[{"href":"https:\/\/www.notibras.com\/site\/wp-json\/wp\/v2\/types\/post"}],"author":[{"embeddable":true,"href":"https:\/\/www.notibras.com\/site\/wp-json\/wp\/v2\/users\/2"}],"replies":[{"embeddable":true,"href":"https:\/\/www.notibras.com\/site\/wp-json\/wp\/v2\/comments?post=340700"}],"version-history":[{"count":1,"href":"https:\/\/www.notibras.com\/site\/wp-json\/wp\/v2\/posts\/340700\/revisions"}],"predecessor-version":[{"id":340702,"href":"https:\/\/www.notibras.com\/site\/wp-json\/wp\/v2\/posts\/340700\/revisions\/340702"}],"wp:featuredmedia":[{"embeddable":true,"href":"https:\/\/www.notibras.com\/site\/wp-json\/wp\/v2\/media\/340701"}],"wp:attachment":[{"href":"https:\/\/www.notibras.com\/site\/wp-json\/wp\/v2\/media?parent=340700"}],"wp:term":[{"taxonomy":"category","embeddable":true,"href":"https:\/\/www.notibras.com\/site\/wp-json\/wp\/v2\/categories?post=340700"},{"taxonomy":"post_tag","embeddable":true,"href":"https:\/\/www.notibras.com\/site\/wp-json\/wp\/v2\/tags?post=340700"}],"curies":[{"name":"wp","href":"https:\/\/api.w.org\/{rel}","templated":true}]}}